{"id":1013,"date":"2020-09-21T17:45:31","date_gmt":"2020-09-21T15:45:31","guid":{"rendered":"https:\/\/www.archimbaudopticien.com\/blog\/?p=1013"},"modified":"2025-10-16T12:57:04","modified_gmt":"2025-10-16T10:57:04","slug":"lentilles-de-contact-et-covid-19","status":"publish","type":"post","link":"https:\/\/www.archimbaudopticien.com\/blog\/lentilles\/lentilles-de-contact-et-covid-19","title":{"rendered":"Lentilles de contact et COVID-19"},"content":{"rendered":"[vc_row type=\u00a0\u00bbfull_width_content\u00a0\u00bb full_screen_row_position=\u00a0\u00bbmiddle\u00a0\u00bb column_margin=\u00a0\u00bbdefault\u00a0\u00bb column_direction=\u00a0\u00bbdefault\u00a0\u00bb column_direction_tablet=\u00a0\u00bbdefault\u00a0\u00bb column_direction_phone=\u00a0\u00bbdefault\u00a0\u00bb bg_color=\u00a0\u00bb#2B323A00&Prime; bg_image=\u00a0\u00bb1014&Prime; bg_position=\u00a0\u00bbcenter top\u00a0\u00bb background_image_loading=\u00a0\u00bbdefault\u00a0\u00bb bg_repeat=\u00a0\u00bbno-repeat\u00a0\u00bb scene_position=\u00a0\u00bbcenter\u00a0\u00bb top_padding=\u00a0\u00bb12%\u00a0\u00bb bottom_padding=\u00a0\u00bb2%\u00a0\u00bb left_padding_desktop=\u00a0\u00bb8%\u00a0\u00bb constrain_group_2=\u00a0\u00bbyes\u00a0\u00bb right_padding_desktop=\u00a0\u00bb8%\u00a0\u00bb top_margin=\u00a0\u00bb0&Prime; text_color=\u00a0\u00bblight\u00a0\u00bb text_align=\u00a0\u00bbleft\u00a0\u00bb row_border_radius=\u00a0\u00bbnone\u00a0\u00bb row_border_radius_applies=\u00a0\u00bbbg\u00a0\u00bb zindex=\u00a0\u00bb100&Prime; overflow=\u00a0\u00bbhidden\u00a0\u00bb color_overlay=\u00a0\u00bbrgba(0,0,0,0.78)\u00a0\u00bb advanced_gradient_angle=\u00a0\u00bb0&Prime; overlay_strength=\u00a0\u00bb0.3&Prime; gradient_direction=\u00a0\u00bbradial\u00a0\u00bb shape_divider_position=\u00a0\u00bbbottom\u00a0\u00bb bg_image_animation=\u00a0\u00bbfade-in\u00a0\u00bb mobile_disable_bg_image_animation=\u00a0\u00bbtrue\u00a0\u00bb shape_type=\u00a0\u00bb\u00a0\u00bb gradient_type=\u00a0\u00bbdefault\u00a0\u00bb][vc_column column_padding=\u00a0\u00bbno-extra-padding\u00a0\u00bb column_padding_tablet=\u00a0\u00bbinherit\u00a0\u00bb column_padding_phone=\u00a0\u00bbinherit\u00a0\u00bb column_padding_position=\u00a0\u00bbtop-bottom\u00a0\u00bb column_element_direction_desktop=\u00a0\u00bbdefault\u00a0\u00bb column_element_spacing=\u00a0\u00bb0px\u00a0\u00bb desktop_text_alignment=\u00a0\u00bbdefault\u00a0\u00bb tablet_text_alignment=\u00a0\u00bbdefault\u00a0\u00bb phone_text_alignment=\u00a0\u00bbdefault\u00a0\u00bb background_color_opacity=\u00a0\u00bb1&Prime; background_hover_color_opacity=\u00a0\u00bb1&Prime; column_backdrop_filter=\u00a0\u00bbnone\u00a0\u00bb column_shadow=\u00a0\u00bbnone\u00a0\u00bb column_border_radius=\u00a0\u00bbnone\u00a0\u00bb column_link_target=\u00a0\u00bb_self\u00a0\u00bb column_position=\u00a0\u00bbstatic\u00a0\u00bb advanced_gradient_angle=\u00a0\u00bb0&Prime; gradient_direction=\u00a0\u00bbleft_to_right\u00a0\u00bb overlay_strength=\u00a0\u00bb0.3&Prime; width=\u00a0\u00bb1\/1&Prime; tablet_width_inherit=\u00a0\u00bbdefault\u00a0\u00bb animation_type=\u00a0\u00bbdefault\u00a0\u00bb bg_image_animation=\u00a0\u00bbnone\u00a0\u00bb border_type=\u00a0\u00bbsimple\u00a0\u00bb column_border_width=\u00a0\u00bbnone\u00a0\u00bb column_border_style=\u00a0\u00bbsolid\u00a0\u00bb gradient_type=\u00a0\u00bbdefault\u00a0\u00bb column_padding_type=\u00a0\u00bbdefault\u00a0\u00bb][vc_row_inner column_margin=\u00a0\u00bbnone\u00a0\u00bb column_direction=\u00a0\u00bbdefault\u00a0\u00bb column_direction_tablet=\u00a0\u00bbdefault\u00a0\u00bb column_direction_phone=\u00a0\u00bbdefault\u00a0\u00bb left_padding_desktop=\u00a0\u00bb15%\u00a0\u00bb constrain_group_2=\u00a0\u00bbyes\u00a0\u00bb right_padding_desktop=\u00a0\u00bb15%\u00a0\u00bb text_align=\u00a0\u00bbleft\u00a0\u00bb row_position=\u00a0\u00bbdefault\u00a0\u00bb row_position_tablet=\u00a0\u00bbinherit\u00a0\u00bb row_position_phone=\u00a0\u00bbinherit\u00a0\u00bb zindex=\u00a0\u00bb10&Prime; overflow=\u00a0\u00bbvisible\u00a0\u00bb pointer_events=\u00a0\u00bball\u00a0\u00bb][vc_column_inner column_padding=\u00a0\u00bbno-extra-padding\u00a0\u00bb column_padding_tablet=\u00a0\u00bbinherit\u00a0\u00bb column_padding_phone=\u00a0\u00bbinherit\u00a0\u00bb column_padding_position=\u00a0\u00bbbottom\u00a0\u00bb column_element_direction_desktop=\u00a0\u00bbdefault\u00a0\u00bb column_element_spacing=\u00a0\u00bbdefault\u00a0\u00bb centered_text=\u00a0\u00bbtrue\u00a0\u00bb desktop_text_alignment=\u00a0\u00bbdefault\u00a0\u00bb tablet_text_alignment=\u00a0\u00bbdefault\u00a0\u00bb phone_text_alignment=\u00a0\u00bbdefault\u00a0\u00bb background_color_opacity=\u00a0\u00bb1&Prime; background_hover_color_opacity=\u00a0\u00bb1&Prime; column_backdrop_filter=\u00a0\u00bbnone\u00a0\u00bb column_shadow=\u00a0\u00bbnone\u00a0\u00bb column_border_radius=\u00a0\u00bbnone\u00a0\u00bb column_link_target=\u00a0\u00bb_self\u00a0\u00bb overflow=\u00a0\u00bbvisible\u00a0\u00bb advanced_gradient_angle=\u00a0\u00bb0&Prime; gradient_direction=\u00a0\u00bbleft_to_right\u00a0\u00bb overlay_strength=\u00a0\u00bb0.3&Prime; width=\u00a0\u00bb1\/1&Prime; tablet_width_inherit=\u00a0\u00bbdefault\u00a0\u00bb animation_type=\u00a0\u00bbdefault\u00a0\u00bb bg_image_animation=\u00a0\u00bbnone\u00a0\u00bb border_type=\u00a0\u00bbsimple\u00a0\u00bb column_border_width=\u00a0\u00bbnone\u00a0\u00bb column_border_style=\u00a0\u00bbsolid\u00a0\u00bb gradient_type=\u00a0\u00bbdefault\u00a0\u00bb column_padding_type=\u00a0\u00bbdefault\u00a0\u00bb][split_line_heading animation_type=\u00a0\u00bbline-reveal-by-space\u00a0\u00bb font_style=\u00a0\u00bbh1&Prime; text_color=\u00a0\u00bb#FFFFFF\u00a0\u00bb line_reveal_by_space_text_effect=\u00a0\u00bbletter-reveal-bottom\u00a0\u00bb content_alignment=\u00a0\u00bbcenter\u00a0\u00bb mobile_content_alignment=\u00a0\u00bbcenter\u00a0\u00bb link_target=\u00a0\u00bb_self\u00a0\u00bb text_content=\u00a0\u00bbLentilles de contact et COVID-19&Prime; font_size=\u00a0\u00bb6vw\u00a0\u00bb font_line_height=\u00a0\u00bb1,2&Prime; font_size_tablet=\u00a0\u00bb10vw\u00a0\u00bb text_direction=\u00a0\u00bbdefault\u00a0\u00bb][\/split_line_heading][nectar_cta btn_style=\u00a0\u00bbnext-section\u00a0\u00bb btn_type=\u00a0\u00bbminimal-arrow\u00a0\u00bb next_section_color=\u00a0\u00bb#FFFFFF\u00a0\u00bb alignment=\u00a0\u00bbcenter\u00a0\u00bb alignment_tablet=\u00a0\u00bbdefault\u00a0\u00bb alignment_phone=\u00a0\u00bbcenter\u00a0\u00bb display_tablet=\u00a0\u00bbinherit\u00a0\u00bb display_phone=\u00a0\u00bbinherit\u00a0\u00bb][\/vc_column_inner][\/vc_row_inner][\/vc_column][\/vc_row][vc_row type=\u00a0\u00bbin_container\u00a0\u00bb full_screen_row_position=\u00a0\u00bbmiddle\u00a0\u00bb column_margin=\u00a0\u00bbdefault\u00a0\u00bb column_direction=\u00a0\u00bbdefault\u00a0\u00bb column_direction_tablet=\u00a0\u00bbdefault\u00a0\u00bb column_direction_phone=\u00a0\u00bbdefault\u00a0\u00bb scene_position=\u00a0\u00bbcenter\u00a0\u00bb left_padding_desktop=\u00a0\u00bb4%\u00a0\u00bb constrain_group_2=\u00a0\u00bbyes\u00a0\u00bb right_padding_desktop=\u00a0\u00bb4%\u00a0\u00bb text_color=\u00a0\u00bbdark\u00a0\u00bb text_align=\u00a0\u00bbleft\u00a0\u00bb row_border_radius=\u00a0\u00bbnone\u00a0\u00bb row_border_radius_applies=\u00a0\u00bbbg\u00a0\u00bb overflow=\u00a0\u00bbvisible\u00a0\u00bb overlay_strength=\u00a0\u00bb0.3&Prime; gradient_direction=\u00a0\u00bbleft_to_right\u00a0\u00bb shape_divider_position=\u00a0\u00bbbottom\u00a0\u00bb bg_image_animation=\u00a0\u00bbnone\u00a0\u00bb gradient_type=\u00a0\u00bbdefault\u00a0\u00bb shape_type=\u00a0\u00bb\u00a0\u00bb][vc_column column_padding=\u00a0\u00bbpadding-5-percent\u00a0\u00bb column_padding_tablet=\u00a0\u00bbinherit\u00a0\u00bb column_padding_phone=\u00a0\u00bbpadding-3-percent\u00a0\u00bb column_padding_position=\u00a0\u00bbtop-bottom\u00a0\u00bb column_element_direction_desktop=\u00a0\u00bbdefault\u00a0\u00bb column_element_spacing=\u00a0\u00bbdefault\u00a0\u00bb desktop_text_alignment=\u00a0\u00bbdefault\u00a0\u00bb tablet_text_alignment=\u00a0\u00bbdefault\u00a0\u00bb phone_text_alignment=\u00a0\u00bbdefault\u00a0\u00bb background_color_opacity=\u00a0\u00bb1&Prime; background_hover_color_opacity=\u00a0\u00bb1&Prime; column_backdrop_filter=\u00a0\u00bbnone\u00a0\u00bb column_shadow=\u00a0\u00bbnone\u00a0\u00bb column_border_radius=\u00a0\u00bbnone\u00a0\u00bb column_link_target=\u00a0\u00bb_self\u00a0\u00bb column_position=\u00a0\u00bbdefault\u00a0\u00bb gradient_direction=\u00a0\u00bbleft_to_right\u00a0\u00bb overlay_strength=\u00a0\u00bb0.3&Prime; width=\u00a0\u00bb1\/1&Prime; tablet_width_inherit=\u00a0\u00bbdefault\u00a0\u00bb animation_type=\u00a0\u00bbdefault\u00a0\u00bb bg_image_animation=\u00a0\u00bbnone\u00a0\u00bb border_type=\u00a0\u00bbsimple\u00a0\u00bb column_border_width=\u00a0\u00bbnone\u00a0\u00bb column_border_style=\u00a0\u00bbsolid\u00a0\u00bb column_padding_type=\u00a0\u00bbdefault\u00a0\u00bb gradient_type=\u00a0\u00bbdefault\u00a0\u00bb][split_line_heading animation_type=\u00a0\u00bbline-reveal-by-space\u00a0\u00bb font_style=\u00a0\u00bbh2&Prime; text_color=\u00a0\u00bb#333333&Prime; line_reveal_by_space_text_effect=\u00a0\u00bbletter-reveal-bottom\u00a0\u00bb content_alignment=\u00a0\u00bbdefault\u00a0\u00bb mobile_content_alignment=\u00a0\u00bbinherit\u00a0\u00bb link_target=\u00a0\u00bb_self\u00a0\u00bb text_content=\u00a0\u00bbLentilles de contact et COVID-19 : bonnes pratiques et pr\u00e9cautions\u00a0\u00bb text_direction=\u00a0\u00bbdefault\u00a0\u00bb][\/split_line_heading][divider line_type=\u00a0\u00bbNo Line\u00a0\u00bb custom_height=\u00a0\u00bb50px\u00a0\u00bb][vc_column_text css=\u00a0\u00bb\u00a0\u00bb text_direction=\u00a0\u00bbdefault\u00a0\u00bb]<strong>Pr\u00e9server sa sant\u00e9 visuelle en p\u00e9riode de pand\u00e9mie<\/strong>[\/vc_column_text][vc_column_text css=\u00a0\u00bb\u00a0\u00bb text_direction=\u00a0\u00bbdefault\u00a0\u00bb]La crise sanitaire li\u00e9e \u00e0 <strong>la COVID-19<\/strong> a boulevers\u00e9 les habitudes de sant\u00e9 dans le monde entier, et <strong>le port de lentilles de contact<\/strong> n\u2019a pas \u00e9chapp\u00e9 \u00e0 ces interrogations. De nombreux porteurs se sont demand\u00e9 si les lentilles repr\u00e9sentaient un risque accru de contamination, s\u2019il \u00e9tait pr\u00e9f\u00e9rable de revenir aux lunettes ou encore quelles r\u00e8gles d\u2019hygi\u00e8ne appliquer plus strictement. Entre id\u00e9es re\u00e7ues et recommandations officielles, il est important de faire le point pour concilier confort visuel et s\u00e9curit\u00e9 sanitaire.[\/vc_column_text][divider line_type=\u00a0\u00bbNo Line\u00a0\u00bb custom_height=\u00a0\u00bb50px\u00a0\u00bb][split_line_heading animation_type=\u00a0\u00bbline-reveal-by-space\u00a0\u00bb font_style=\u00a0\u00bbh3&Prime; text_color=\u00a0\u00bb#333333&Prime; line_reveal_by_space_text_effect=\u00a0\u00bbletter-reveal-bottom\u00a0\u00bb content_alignment=\u00a0\u00bbdefault\u00a0\u00bb mobile_content_alignment=\u00a0\u00bbinherit\u00a0\u00bb link_target=\u00a0\u00bb_self\u00a0\u00bb text_content=\u00a0\u00bbLentilles de contact et COVID-19 : y a-t-il un risque particulier ?\u00a0\u00bb text_direction=\u00a0\u00bbdefault\u00a0\u00bb][\/split_line_heading][divider line_type=\u00a0\u00bbFull Width Line\u00a0\u00bb line_thickness=\u00a0\u00bb1&Prime; divider_color=\u00a0\u00bbaccent-color\u00a0\u00bb][divider line_type=\u00a0\u00bbNo Line\u00a0\u00bb custom_height=\u00a0\u00bb15px\u00a0\u00bb][vc_column_text css=\u00a0\u00bb\u00a0\u00bb text_direction=\u00a0\u00bbdefault\u00a0\u00bb]D\u00e8s le d\u00e9but de la pand\u00e9mie, les experts en sant\u00e9 visuelle ont soulign\u00e9 que porter des lentilles de contact n\u2019augmentait pas le risque de contracter le virus, \u00e0 condition de respecter les r\u00e8gles d\u2019hygi\u00e8ne habituelles. Le virus se transmet principalement par les voies respiratoires, mais les yeux peuvent constituer une porte d\u2019entr\u00e9e si les mains contamin\u00e9es touchent la surface oculaire.<\/p>\n<p>Le v\u00e9ritable enjeu r\u00e9side donc dans le respect strict des gestes barri\u00e8res et des pr\u00e9cautions d\u2019hygi\u00e8ne lors de la manipulation des lentilles.[\/vc_column_text][divider line_type=\u00a0\u00bbNo Line\u00a0\u00bb custom_height=\u00a0\u00bb50px\u00a0\u00bb][split_line_heading animation_type=\u00a0\u00bbline-reveal-by-space\u00a0\u00bb font_style=\u00a0\u00bbh3&Prime; text_color=\u00a0\u00bb#333333&Prime; line_reveal_by_space_text_effect=\u00a0\u00bbletter-reveal-bottom\u00a0\u00bb content_alignment=\u00a0\u00bbdefault\u00a0\u00bb mobile_content_alignment=\u00a0\u00bbinherit\u00a0\u00bb link_target=\u00a0\u00bb_self\u00a0\u00bb text_content=\u00a0\u00bbLes r\u00e8gles d\u2019hygi\u00e8ne \u00e0 respecter scrupuleusement\u00a0\u00bb text_direction=\u00a0\u00bbdefault\u00a0\u00bb][\/split_line_heading][divider line_type=\u00a0\u00bbFull Width Line\u00a0\u00bb line_thickness=\u00a0\u00bb1&Prime; divider_color=\u00a0\u00bbaccent-color\u00a0\u00bb][divider line_type=\u00a0\u00bbNo Line\u00a0\u00bb custom_height=\u00a0\u00bb15px\u00a0\u00bb][vc_column_text css=\u00a0\u00bb\u00a0\u00bb text_direction=\u00a0\u00bbdefault\u00a0\u00bb]Le port de lentilles de contact implique toujours une hygi\u00e8ne rigoureuse, mais en p\u00e9riode de COVID-19, ces r\u00e8gles deviennent incontournables :<\/p>\n<ul>\n<li>Se laver les mains soigneusement avec de l\u2019eau et du savon pendant au moins 20 secondes avant toute manipulation.<\/li>\n<li>S\u00e9cher ses mains avec une serviette propre, id\u00e9alement \u00e0 usage unique.<\/li>\n<li>Ne jamais rincer ses lentilles \u00e0 l\u2019eau du robinet, mais uniquement avec la solution d\u2019entretien recommand\u00e9e.<\/li>\n<li>Respecter la dur\u00e9e de port prescrite par son professionnel : ne pas prolonger l\u2019utilisation des lentilles journali\u00e8res, mensuelles ou bimensuelles.<\/li>\n<li>Nettoyer et renouveler l\u2019\u00e9tui \u00e0 lentilles r\u00e9guli\u00e8rement, car il peut \u00eatre un foyer de bact\u00e9ries et de virus.<\/li>\n<\/ul>\n<p>Ces gestes simples permettent de minimiser les risques d\u2019infection oculaire et contribuent \u00e0 la s\u00e9curit\u00e9 du porteur.[\/vc_column_text][divider line_type=\u00a0\u00bbNo Line\u00a0\u00bb custom_height=\u00a0\u00bb50px\u00a0\u00bb][split_line_heading animation_type=\u00a0\u00bbline-reveal-by-space\u00a0\u00bb font_style=\u00a0\u00bbh3&Prime; text_color=\u00a0\u00bb#333333&Prime; line_reveal_by_space_text_effect=\u00a0\u00bbletter-reveal-bottom\u00a0\u00bb content_alignment=\u00a0\u00bbdefault\u00a0\u00bb mobile_content_alignment=\u00a0\u00bbinherit\u00a0\u00bb link_target=\u00a0\u00bb_self\u00a0\u00bb text_content=\u00a0\u00bbLentilles de contact ou lunettes pendant la pand\u00e9mie ?\u00a0\u00bb text_direction=\u00a0\u00bbdefault\u00a0\u00bb][\/split_line_heading][divider line_type=\u00a0\u00bbFull Width Line\u00a0\u00bb line_thickness=\u00a0\u00bb1&Prime; divider_color=\u00a0\u00bbaccent-color\u00a0\u00bb][divider line_type=\u00a0\u00bbNo Line\u00a0\u00bb custom_height=\u00a0\u00bb15px\u00a0\u00bb][vc_column_text css=\u00a0\u00bb\u00a0\u00bb text_direction=\u00a0\u00bbdefault\u00a0\u00bb]Une question fr\u00e9quente a \u00e9merg\u00e9 pendant la pand\u00e9mie : <strong>faut-il abandonner ses lentilles au profit des lunettes ?<\/strong> Les lunettes peuvent jouer un r\u00f4le partiel de barri\u00e8re contre les projections, mais elles ne remplacent pas les gestes barri\u00e8res et n\u2019offrent pas une protection comparable \u00e0 un masque.<\/p>\n<p>Pour les porteurs de lentilles, il n\u2019y a aucune contre-indication \u00e0 continuer leur usage, d\u00e8s lors qu\u2019ils respectent une hygi\u00e8ne stricte. Certains peuvent toutefois pr\u00e9f\u00e9rer alterner avec les lunettes pour r\u00e9duire les manipulations, notamment en cas de fatigue ou d\u2019irritation oculaire.[\/vc_column_text][divider line_type=\u00a0\u00bbNo Line\u00a0\u00bb custom_height=\u00a0\u00bb50px\u00a0\u00bb][split_line_heading animation_type=\u00a0\u00bbline-reveal-by-space\u00a0\u00bb font_style=\u00a0\u00bbh3&Prime; text_color=\u00a0\u00bb#333333&Prime; line_reveal_by_space_text_effect=\u00a0\u00bbletter-reveal-bottom\u00a0\u00bb content_alignment=\u00a0\u00bbdefault\u00a0\u00bb mobile_content_alignment=\u00a0\u00bbinherit\u00a0\u00bb link_target=\u00a0\u00bb_self\u00a0\u00bb text_content=\u00a0\u00bbSympt\u00f4mes de COVID-19 et lentilles de contact : que faire ?\u00a0\u00bb text_direction=\u00a0\u00bbdefault\u00a0\u00bb][\/split_line_heading][divider line_type=\u00a0\u00bbFull Width Line\u00a0\u00bb line_thickness=\u00a0\u00bb1&Prime; divider_color=\u00a0\u00bbaccent-color\u00a0\u00bb][divider line_type=\u00a0\u00bbNo Line\u00a0\u00bb custom_height=\u00a0\u00bb15px\u00a0\u00bb][vc_column_text css=\u00a0\u00bb\u00a0\u00bb text_direction=\u00a0\u00bbdefault\u00a0\u00bb]En cas de sympt\u00f4mes \u00e9vocateurs de la COVID-19 (fi\u00e8vre, toux, g\u00eane respiratoire) ou d\u2019infection oculaire (yeux rouges, larmoiements, douleurs), il est recommand\u00e9 de :<\/p>\n<ul>\n<li><strong>Arr\u00eater imm\u00e9diatement le port des lentilles<\/strong>,<\/li>\n<li>Revenir provisoirement aux lunettes,<\/li>\n<li>Consulter un professionnel de sant\u00e9 pour avis m\u00e9dical.<\/li>\n<\/ul>\n<p>Les lentilles peuvent \u00eatre reprises une fois la gu\u00e9rison confirm\u00e9e et sous r\u00e9serve d\u2019un retour \u00e0 un confort oculaire normal.[\/vc_column_text][divider line_type=\u00a0\u00bbNo Line\u00a0\u00bb custom_height=\u00a0\u00bb50px\u00a0\u00bb][split_line_heading animation_type=\u00a0\u00bbline-reveal-by-space\u00a0\u00bb font_style=\u00a0\u00bbh3&Prime; text_color=\u00a0\u00bb#333333&Prime; line_reveal_by_space_text_effect=\u00a0\u00bbletter-reveal-bottom\u00a0\u00bb content_alignment=\u00a0\u00bbdefault\u00a0\u00bb mobile_content_alignment=\u00a0\u00bbinherit\u00a0\u00bb link_target=\u00a0\u00bb_self\u00a0\u00bb text_content=\u00a0\u00bbConclusion\u00a0\u00bb text_direction=\u00a0\u00bbdefault\u00a0\u00bb][\/split_line_heading][divider line_type=\u00a0\u00bbFull Width Line\u00a0\u00bb line_thickness=\u00a0\u00bb1&Prime; divider_color=\u00a0\u00bbaccent-color\u00a0\u00bb][divider line_type=\u00a0\u00bbNo Line\u00a0\u00bb custom_height=\u00a0\u00bb15px\u00a0\u00bb][vc_column_text css=\u00a0\u00bb\u00a0\u00bb text_direction=\u00a0\u00bbdefault\u00a0\u00bb]<strong>Le lien entre lentilles de contact et COVID-19<\/strong> repose moins sur un risque intrins\u00e8que li\u00e9 aux lentilles que sur l\u2019importance de l\u2019hygi\u00e8ne lors de leur utilisation. Le respect des r\u00e8gles de manipulation, associ\u00e9 aux gestes barri\u00e8res, permet de continuer \u00e0 porter ses lentilles en toute s\u00e9curit\u00e9.<\/p>\n<p>La pand\u00e9mie a rappel\u00e9 un principe fondamental : la sant\u00e9 visuelle passe par une vigilance quotidienne, qu\u2019il s\u2019agisse d\u2019entretenir ses lentilles, de respecter les consignes de son opticien ou de consulter en cas de sympt\u00f4mes. Avec rigueur et bon sens, les lentilles de contact restent une solution confortable et fiable, m\u00eame en p\u00e9riode de crise sanitaire.[\/vc_column_text][\/vc_column][\/vc_row]\n","protected":false},"excerpt":{"rendered":"<p>Peut-on continuer \u00e0 porter ses lentilles de contact en p\u00e9riode de COVID-19 ? Entre hygi\u00e8ne stricte, pr\u00e9cautions et bonnes pratiques, faisons le point pour allier s\u00e9curit\u00e9 sanitaire et confort visuel.<\/p>\n","protected":false},"author":3,"featured_media":1014,"comment_status":"closed","ping_status":"closed","sticky":false,"template":"","format":"standard","meta":{"footnotes":""},"categories":[3],"tags":[35,37,36,29,34],"class_list":{"0":"post-1013","1":"post","2":"type-post","3":"status-publish","4":"format-standard","5":"has-post-thumbnail","7":"category-lentilles","8":"tag-contactologie","9":"tag-coronavirus","10":"tag-covid-19","11":"tag-lentilles","12":"tag-lentilles-souples"},"yoast_head":"<!-- This site is optimized with the Yoast SEO plugin v27.0 - https:\/\/yoast.com\/product\/yoast-seo-wordpress\/ -->\n<title>Lentilles de contact et COVID-19 : risques, hygi\u00e8ne et conseils | Archimbaud Opticien Blog<\/title>\n<meta name=\"description\" content=\"Porter des lentilles de contact pendant la COVID-19 reste s\u00fbr, \u00e0 condition de respecter les r\u00e8gles d\u2019hygi\u00e8ne. D\u00e9couvrez nos conseils pratiques pour vos yeux.\" \/>\n<meta name=\"robots\" content=\"index, follow, max-snippet:-1, max-image-preview:large, max-video-preview:-1\" \/>\n<link rel=\"canonical\" href=\"https:\/\/www.archimbaudopticien.com\/blog\/lentilles\/lentilles-de-contact-et-covid-19\" \/>\n<meta property=\"og:locale\" content=\"fr_FR\" \/>\n<meta property=\"og:type\" content=\"article\" \/>\n<meta property=\"og:title\" content=\"Lentilles de contact et COVID-19 : risques, hygi\u00e8ne et conseils | Archimbaud Opticien Blog\" \/>\n<meta property=\"og:description\" content=\"Porter des lentilles de contact pendant la COVID-19 reste s\u00fbr, \u00e0 condition de respecter les r\u00e8gles d\u2019hygi\u00e8ne. D\u00e9couvrez nos conseils pratiques pour vos yeux.\" \/>\n<meta property=\"og:url\" content=\"https:\/\/www.archimbaudopticien.com\/blog\/lentilles\/lentilles-de-contact-et-covid-19\" \/>\n<meta property=\"og:site_name\" content=\"Archimbaud Opticien Blog\" \/>\n<meta property=\"article:publisher\" content=\"https:\/\/www.facebook.com\/archimbaudopticien\" \/>\n<meta property=\"article:published_time\" content=\"2020-09-21T15:45:31+00:00\" \/>\n<meta property=\"article:modified_time\" content=\"2025-10-16T10:57:04+00:00\" \/>\n<meta property=\"og:image\" content=\"https:\/\/www.archimbaudopticien.com\/blog\/wp-content\/uploads\/2025\/09\/lentilles-de-contact-covid-19-archimbaud-opticien.jpg\" \/>\n\t<meta property=\"og:image:width\" content=\"1800\" \/>\n\t<meta property=\"og:image:height\" content=\"1018\" \/>\n\t<meta property=\"og:image:type\" content=\"image\/jpeg\" \/>\n<meta name=\"author\" content=\"Dominique\" \/>\n<meta name=\"twitter:card\" content=\"summary_large_image\" \/>\n<meta name=\"twitter:label1\" content=\"\u00c9crit par\" \/>\n\t<meta name=\"twitter:data1\" content=\"Dominique\" \/>\n\t<meta name=\"twitter:label2\" content=\"Dur\u00e9e de lecture estim\u00e9e\" \/>\n\t<meta name=\"twitter:data2\" content=\"4 minutes\" \/>\n<script type=\"application\/ld+json\" class=\"yoast-schema-graph\">{\"@context\":\"https:\/\/schema.org\",\"@graph\":[{\"@type\":\"Article\",\"@id\":\"https:\/\/www.archimbaudopticien.com\/blog\/lentilles\/lentilles-de-contact-et-covid-19#article\",\"isPartOf\":{\"@id\":\"https:\/\/www.archimbaudopticien.com\/blog\/lentilles\/lentilles-de-contact-et-covid-19\"},\"author\":{\"name\":\"Dominique\",\"@id\":\"https:\/\/www.archimbaudopticien.com\/blog\/#\/schema\/person\/99b42cc6c97675964638728229b4a8d0\"},\"headline\":\"Lentilles de contact et COVID-19\",\"datePublished\":\"2020-09-21T15:45:31+00:00\",\"dateModified\":\"2025-10-16T10:57:04+00:00\",\"mainEntityOfPage\":{\"@id\":\"https:\/\/www.archimbaudopticien.com\/blog\/lentilles\/lentilles-de-contact-et-covid-19\"},\"wordCount\":1726,\"publisher\":{\"@id\":\"https:\/\/www.archimbaudopticien.com\/blog\/#organization\"},\"image\":{\"@id\":\"https:\/\/www.archimbaudopticien.com\/blog\/lentilles\/lentilles-de-contact-et-covid-19#primaryimage\"},\"thumbnailUrl\":\"https:\/\/www.archimbaudopticien.com\/blog\/wp-content\/uploads\/2025\/09\/lentilles-de-contact-covid-19-archimbaud-opticien.jpg\",\"keywords\":[\"Contactologie\",\"Coronavirus\",\"Covid 19\",\"Lentilles\",\"Lentilles Souples\"],\"articleSection\":[\"Lentilles\"],\"inLanguage\":\"fr-FR\"},{\"@type\":\"WebPage\",\"@id\":\"https:\/\/www.archimbaudopticien.com\/blog\/lentilles\/lentilles-de-contact-et-covid-19\",\"url\":\"https:\/\/www.archimbaudopticien.com\/blog\/lentilles\/lentilles-de-contact-et-covid-19\",\"name\":\"Lentilles de contact et COVID-19 : risques, hygi\u00e8ne et conseils | Archimbaud Opticien Blog\",\"isPartOf\":{\"@id\":\"https:\/\/www.archimbaudopticien.com\/blog\/#website\"},\"primaryImageOfPage\":{\"@id\":\"https:\/\/www.archimbaudopticien.com\/blog\/lentilles\/lentilles-de-contact-et-covid-19#primaryimage\"},\"image\":{\"@id\":\"https:\/\/www.archimbaudopticien.com\/blog\/lentilles\/lentilles-de-contact-et-covid-19#primaryimage\"},\"thumbnailUrl\":\"https:\/\/www.archimbaudopticien.com\/blog\/wp-content\/uploads\/2025\/09\/lentilles-de-contact-covid-19-archimbaud-opticien.jpg\",\"datePublished\":\"2020-09-21T15:45:31+00:00\",\"dateModified\":\"2025-10-16T10:57:04+00:00\",\"description\":\"Porter des lentilles de contact pendant la COVID-19 reste s\u00fbr, \u00e0 condition de respecter les r\u00e8gles d\u2019hygi\u00e8ne. D\u00e9couvrez nos conseils pratiques pour vos yeux.\",\"breadcrumb\":{\"@id\":\"https:\/\/www.archimbaudopticien.com\/blog\/lentilles\/lentilles-de-contact-et-covid-19#breadcrumb\"},\"inLanguage\":\"fr-FR\",\"potentialAction\":[{\"@type\":\"ReadAction\",\"target\":[\"https:\/\/www.archimbaudopticien.com\/blog\/lentilles\/lentilles-de-contact-et-covid-19\"]}]},{\"@type\":\"ImageObject\",\"inLanguage\":\"fr-FR\",\"@id\":\"https:\/\/www.archimbaudopticien.com\/blog\/lentilles\/lentilles-de-contact-et-covid-19#primaryimage\",\"url\":\"https:\/\/www.archimbaudopticien.com\/blog\/wp-content\/uploads\/2025\/09\/lentilles-de-contact-covid-19-archimbaud-opticien.jpg\",\"contentUrl\":\"https:\/\/www.archimbaudopticien.com\/blog\/wp-content\/uploads\/2025\/09\/lentilles-de-contact-covid-19-archimbaud-opticien.jpg\",\"width\":1800,\"height\":1018},{\"@type\":\"BreadcrumbList\",\"@id\":\"https:\/\/www.archimbaudopticien.com\/blog\/lentilles\/lentilles-de-contact-et-covid-19#breadcrumb\",\"itemListElement\":[{\"@type\":\"ListItem\",\"position\":1,\"name\":\"Accueil\",\"item\":\"https:\/\/www.archimbaudopticien.com\/blog\/\"},{\"@type\":\"ListItem\",\"position\":2,\"name\":\"Lentilles de contact et COVID-19\"}]},{\"@type\":\"WebSite\",\"@id\":\"https:\/\/www.archimbaudopticien.com\/blog\/#website\",\"url\":\"https:\/\/www.archimbaudopticien.com\/blog\/\",\"name\":\"Archimbaud Opticien\",\"description\":\"\",\"publisher\":{\"@id\":\"https:\/\/www.archimbaudopticien.com\/blog\/#organization\"},\"potentialAction\":[{\"@type\":\"SearchAction\",\"target\":{\"@type\":\"EntryPoint\",\"urlTemplate\":\"https:\/\/www.archimbaudopticien.com\/blog\/?s={search_term_string}\"},\"query-input\":{\"@type\":\"PropertyValueSpecification\",\"valueRequired\":true,\"valueName\":\"search_term_string\"}}],\"inLanguage\":\"fr-FR\"},{\"@type\":\"Organization\",\"@id\":\"https:\/\/www.archimbaudopticien.com\/blog\/#organization\",\"name\":\"Blog d'Archimbaud Opticien\",\"url\":\"https:\/\/www.archimbaudopticien.com\/blog\/\",\"logo\":{\"@type\":\"ImageObject\",\"inLanguage\":\"fr-FR\",\"@id\":\"https:\/\/www.archimbaudopticien.com\/blog\/#\/schema\/logo\/image\/\",\"url\":\"https:\/\/www.archimbaudopticien.com\/blog\/wp-content\/uploads\/2025\/09\/Logo-Noir-transparent-scaled.png\",\"contentUrl\":\"https:\/\/www.archimbaudopticien.com\/blog\/wp-content\/uploads\/2025\/09\/Logo-Noir-transparent-scaled.png\",\"width\":2560,\"height\":1979,\"caption\":\"Blog d'Archimbaud Opticien\"},\"image\":{\"@id\":\"https:\/\/www.archimbaudopticien.com\/blog\/#\/schema\/logo\/image\/\"},\"sameAs\":[\"https:\/\/www.facebook.com\/archimbaudopticien\",\"https:\/\/www.instagram.com\/archimbaudopticien\/\"]},{\"@type\":\"Person\",\"@id\":\"https:\/\/www.archimbaudopticien.com\/blog\/#\/schema\/person\/99b42cc6c97675964638728229b4a8d0\",\"name\":\"Dominique\",\"image\":{\"@type\":\"ImageObject\",\"inLanguage\":\"fr-FR\",\"@id\":\"https:\/\/www.archimbaudopticien.com\/blog\/#\/schema\/person\/image\/\",\"url\":\"https:\/\/secure.gravatar.com\/avatar\/7a9fdaa140318010833413ca2caac72e865e73327cd70955c97de10ce0a27972?s=96&d=mm&r=g\",\"contentUrl\":\"https:\/\/secure.gravatar.com\/avatar\/7a9fdaa140318010833413ca2caac72e865e73327cd70955c97de10ce0a27972?s=96&d=mm&r=g\",\"caption\":\"Dominique\"},\"url\":\"https:\/\/www.archimbaudopticien.com\/blog\/author\/communilink\"}]}<\/script>\n<!-- \/ Yoast SEO plugin. -->","yoast_head_json":{"title":"Lentilles de contact et COVID-19 : risques, hygi\u00e8ne et conseils | Archimbaud Opticien Blog","description":"Porter des lentilles de contact pendant la COVID-19 reste s\u00fbr, \u00e0 condition de respecter les r\u00e8gles d\u2019hygi\u00e8ne. D\u00e9couvrez nos conseils pratiques pour vos yeux.","robots":{"index":"index","follow":"follow","max-snippet":"max-snippet:-1","max-image-preview":"max-image-preview:large","max-video-preview":"max-video-preview:-1"},"canonical":"https:\/\/www.archimbaudopticien.com\/blog\/lentilles\/lentilles-de-contact-et-covid-19","og_locale":"fr_FR","og_type":"article","og_title":"Lentilles de contact et COVID-19 : risques, hygi\u00e8ne et conseils | Archimbaud Opticien Blog","og_description":"Porter des lentilles de contact pendant la COVID-19 reste s\u00fbr, \u00e0 condition de respecter les r\u00e8gles d\u2019hygi\u00e8ne. D\u00e9couvrez nos conseils pratiques pour vos yeux.","og_url":"https:\/\/www.archimbaudopticien.com\/blog\/lentilles\/lentilles-de-contact-et-covid-19","og_site_name":"Archimbaud Opticien Blog","article_publisher":"https:\/\/www.facebook.com\/archimbaudopticien","article_published_time":"2020-09-21T15:45:31+00:00","article_modified_time":"2025-10-16T10:57:04+00:00","og_image":[{"width":1800,"height":1018,"url":"https:\/\/www.archimbaudopticien.com\/blog\/wp-content\/uploads\/2025\/09\/lentilles-de-contact-covid-19-archimbaud-opticien.jpg","type":"image\/jpeg"}],"author":"Dominique","twitter_card":"summary_large_image","twitter_misc":{"\u00c9crit par":"Dominique","Dur\u00e9e de lecture estim\u00e9e":"4 minutes"},"schema":{"@context":"https:\/\/schema.org","@graph":[{"@type":"Article","@id":"https:\/\/www.archimbaudopticien.com\/blog\/lentilles\/lentilles-de-contact-et-covid-19#article","isPartOf":{"@id":"https:\/\/www.archimbaudopticien.com\/blog\/lentilles\/lentilles-de-contact-et-covid-19"},"author":{"name":"Dominique","@id":"https:\/\/www.archimbaudopticien.com\/blog\/#\/schema\/person\/99b42cc6c97675964638728229b4a8d0"},"headline":"Lentilles de contact et COVID-19","datePublished":"2020-09-21T15:45:31+00:00","dateModified":"2025-10-16T10:57:04+00:00","mainEntityOfPage":{"@id":"https:\/\/www.archimbaudopticien.com\/blog\/lentilles\/lentilles-de-contact-et-covid-19"},"wordCount":1726,"publisher":{"@id":"https:\/\/www.archimbaudopticien.com\/blog\/#organization"},"image":{"@id":"https:\/\/www.archimbaudopticien.com\/blog\/lentilles\/lentilles-de-contact-et-covid-19#primaryimage"},"thumbnailUrl":"https:\/\/www.archimbaudopticien.com\/blog\/wp-content\/uploads\/2025\/09\/lentilles-de-contact-covid-19-archimbaud-opticien.jpg","keywords":["Contactologie","Coronavirus","Covid 19","Lentilles","Lentilles Souples"],"articleSection":["Lentilles"],"inLanguage":"fr-FR"},{"@type":"WebPage","@id":"https:\/\/www.archimbaudopticien.com\/blog\/lentilles\/lentilles-de-contact-et-covid-19","url":"https:\/\/www.archimbaudopticien.com\/blog\/lentilles\/lentilles-de-contact-et-covid-19","name":"Lentilles de contact et COVID-19 : risques, hygi\u00e8ne et conseils | Archimbaud Opticien Blog","isPartOf":{"@id":"https:\/\/www.archimbaudopticien.com\/blog\/#website"},"primaryImageOfPage":{"@id":"https:\/\/www.archimbaudopticien.com\/blog\/lentilles\/lentilles-de-contact-et-covid-19#primaryimage"},"image":{"@id":"https:\/\/www.archimbaudopticien.com\/blog\/lentilles\/lentilles-de-contact-et-covid-19#primaryimage"},"thumbnailUrl":"https:\/\/www.archimbaudopticien.com\/blog\/wp-content\/uploads\/2025\/09\/lentilles-de-contact-covid-19-archimbaud-opticien.jpg","datePublished":"2020-09-21T15:45:31+00:00","dateModified":"2025-10-16T10:57:04+00:00","description":"Porter des lentilles de contact pendant la COVID-19 reste s\u00fbr, \u00e0 condition de respecter les r\u00e8gles d\u2019hygi\u00e8ne. D\u00e9couvrez nos conseils pratiques pour vos yeux.","breadcrumb":{"@id":"https:\/\/www.archimbaudopticien.com\/blog\/lentilles\/lentilles-de-contact-et-covid-19#breadcrumb"},"inLanguage":"fr-FR","potentialAction":[{"@type":"ReadAction","target":["https:\/\/www.archimbaudopticien.com\/blog\/lentilles\/lentilles-de-contact-et-covid-19"]}]},{"@type":"ImageObject","inLanguage":"fr-FR","@id":"https:\/\/www.archimbaudopticien.com\/blog\/lentilles\/lentilles-de-contact-et-covid-19#primaryimage","url":"https:\/\/www.archimbaudopticien.com\/blog\/wp-content\/uploads\/2025\/09\/lentilles-de-contact-covid-19-archimbaud-opticien.jpg","contentUrl":"https:\/\/www.archimbaudopticien.com\/blog\/wp-content\/uploads\/2025\/09\/lentilles-de-contact-covid-19-archimbaud-opticien.jpg","width":1800,"height":1018},{"@type":"BreadcrumbList","@id":"https:\/\/www.archimbaudopticien.com\/blog\/lentilles\/lentilles-de-contact-et-covid-19#breadcrumb","itemListElement":[{"@type":"ListItem","position":1,"name":"Accueil","item":"https:\/\/www.archimbaudopticien.com\/blog\/"},{"@type":"ListItem","position":2,"name":"Lentilles de contact et COVID-19"}]},{"@type":"WebSite","@id":"https:\/\/www.archimbaudopticien.com\/blog\/#website","url":"https:\/\/www.archimbaudopticien.com\/blog\/","name":"Archimbaud Opticien","description":"","publisher":{"@id":"https:\/\/www.archimbaudopticien.com\/blog\/#organization"},"potentialAction":[{"@type":"SearchAction","target":{"@type":"EntryPoint","urlTemplate":"https:\/\/www.archimbaudopticien.com\/blog\/?s={search_term_string}"},"query-input":{"@type":"PropertyValueSpecification","valueRequired":true,"valueName":"search_term_string"}}],"inLanguage":"fr-FR"},{"@type":"Organization","@id":"https:\/\/www.archimbaudopticien.com\/blog\/#organization","name":"Blog d'Archimbaud Opticien","url":"https:\/\/www.archimbaudopticien.com\/blog\/","logo":{"@type":"ImageObject","inLanguage":"fr-FR","@id":"https:\/\/www.archimbaudopticien.com\/blog\/#\/schema\/logo\/image\/","url":"https:\/\/www.archimbaudopticien.com\/blog\/wp-content\/uploads\/2025\/09\/Logo-Noir-transparent-scaled.png","contentUrl":"https:\/\/www.archimbaudopticien.com\/blog\/wp-content\/uploads\/2025\/09\/Logo-Noir-transparent-scaled.png","width":2560,"height":1979,"caption":"Blog d'Archimbaud Opticien"},"image":{"@id":"https:\/\/www.archimbaudopticien.com\/blog\/#\/schema\/logo\/image\/"},"sameAs":["https:\/\/www.facebook.com\/archimbaudopticien","https:\/\/www.instagram.com\/archimbaudopticien\/"]},{"@type":"Person","@id":"https:\/\/www.archimbaudopticien.com\/blog\/#\/schema\/person\/99b42cc6c97675964638728229b4a8d0","name":"Dominique","image":{"@type":"ImageObject","inLanguage":"fr-FR","@id":"https:\/\/www.archimbaudopticien.com\/blog\/#\/schema\/person\/image\/","url":"https:\/\/secure.gravatar.com\/avatar\/7a9fdaa140318010833413ca2caac72e865e73327cd70955c97de10ce0a27972?s=96&d=mm&r=g","contentUrl":"https:\/\/secure.gravatar.com\/avatar\/7a9fdaa140318010833413ca2caac72e865e73327cd70955c97de10ce0a27972?s=96&d=mm&r=g","caption":"Dominique"},"url":"https:\/\/www.archimbaudopticien.com\/blog\/author\/communilink"}]}},"_links":{"self":[{"href":"https:\/\/www.archimbaudopticien.com\/blog\/wp-json\/wp\/v2\/posts\/1013","targetHints":{"allow":["GET"]}}],"collection":[{"href":"https:\/\/www.archimbaudopticien.com\/blog\/wp-json\/wp\/v2\/posts"}],"about":[{"href":"https:\/\/www.archimbaudopticien.com\/blog\/wp-json\/wp\/v2\/types\/post"}],"author":[{"embeddable":true,"href":"https:\/\/www.archimbaudopticien.com\/blog\/wp-json\/wp\/v2\/users\/3"}],"replies":[{"embeddable":true,"href":"https:\/\/www.archimbaudopticien.com\/blog\/wp-json\/wp\/v2\/comments?post=1013"}],"version-history":[{"count":4,"href":"https:\/\/www.archimbaudopticien.com\/blog\/wp-json\/wp\/v2\/posts\/1013\/revisions"}],"predecessor-version":[{"id":1233,"href":"https:\/\/www.archimbaudopticien.com\/blog\/wp-json\/wp\/v2\/posts\/1013\/revisions\/1233"}],"wp:featuredmedia":[{"embeddable":true,"href":"https:\/\/www.archimbaudopticien.com\/blog\/wp-json\/wp\/v2\/media\/1014"}],"wp:attachment":[{"href":"https:\/\/www.archimbaudopticien.com\/blog\/wp-json\/wp\/v2\/media?parent=1013"}],"wp:term":[{"taxonomy":"category","embeddable":true,"href":"https:\/\/www.archimbaudopticien.com\/blog\/wp-json\/wp\/v2\/categories?post=1013"},{"taxonomy":"post_tag","embeddable":true,"href":"https:\/\/www.archimbaudopticien.com\/blog\/wp-json\/wp\/v2\/tags?post=1013"}],"curies":[{"name":"wp","href":"https:\/\/api.w.org\/{rel}","templated":true}]}}