{"id":1053,"date":"2025-09-23T11:33:37","date_gmt":"2025-09-23T09:33:37","guid":{"rendered":"https:\/\/www.archimbaudopticien.com\/blog\/?p=1053"},"modified":"2026-02-12T13:44:26","modified_gmt":"2026-02-12T12:44:26","slug":"validite-ordonnances-optiques","status":"publish","type":"post","link":"https:\/\/www.archimbaudopticien.com\/blog\/legislation\/validite-ordonnances-optiques","title":{"rendered":"Validit\u00e9 Ordonnances Optiques"},"content":{"rendered":"[vc_row type=\u00a0\u00bbfull_width_content\u00a0\u00bb full_screen_row_position=\u00a0\u00bbmiddle\u00a0\u00bb column_margin=\u00a0\u00bbdefault\u00a0\u00bb column_direction=\u00a0\u00bbdefault\u00a0\u00bb column_direction_tablet=\u00a0\u00bbdefault\u00a0\u00bb column_direction_phone=\u00a0\u00bbdefault\u00a0\u00bb bg_color=\u00a0\u00bb#2B323A00&Prime; bg_image=\u00a0\u00bb1054&Prime; bg_position=\u00a0\u00bbcenter center\u00a0\u00bb background_image_loading=\u00a0\u00bbdefault\u00a0\u00bb bg_repeat=\u00a0\u00bbno-repeat\u00a0\u00bb scene_position=\u00a0\u00bbcenter\u00a0\u00bb top_padding=\u00a0\u00bb12%\u00a0\u00bb bottom_padding=\u00a0\u00bb2%\u00a0\u00bb left_padding_desktop=\u00a0\u00bb8%\u00a0\u00bb constrain_group_2=\u00a0\u00bbyes\u00a0\u00bb right_padding_desktop=\u00a0\u00bb8%\u00a0\u00bb top_margin=\u00a0\u00bb0&Prime; text_color=\u00a0\u00bblight\u00a0\u00bb text_align=\u00a0\u00bbleft\u00a0\u00bb row_border_radius=\u00a0\u00bbnone\u00a0\u00bb row_border_radius_applies=\u00a0\u00bbbg\u00a0\u00bb zindex=\u00a0\u00bb100&Prime; overflow=\u00a0\u00bbhidden\u00a0\u00bb color_overlay=\u00a0\u00bbrgba(0,0,0,0.78)\u00a0\u00bb advanced_gradient_angle=\u00a0\u00bb0&Prime; overlay_strength=\u00a0\u00bb0.3&Prime; gradient_direction=\u00a0\u00bbradial\u00a0\u00bb shape_divider_position=\u00a0\u00bbbottom\u00a0\u00bb bg_image_animation=\u00a0\u00bbfade-in\u00a0\u00bb mobile_disable_bg_image_animation=\u00a0\u00bbtrue\u00a0\u00bb shape_type=\u00a0\u00bb\u00a0\u00bb gradient_type=\u00a0\u00bbdefault\u00a0\u00bb][vc_column column_padding=\u00a0\u00bbno-extra-padding\u00a0\u00bb column_padding_tablet=\u00a0\u00bbinherit\u00a0\u00bb column_padding_phone=\u00a0\u00bbinherit\u00a0\u00bb column_padding_position=\u00a0\u00bbtop-bottom\u00a0\u00bb column_element_direction_desktop=\u00a0\u00bbdefault\u00a0\u00bb column_element_spacing=\u00a0\u00bb0px\u00a0\u00bb desktop_text_alignment=\u00a0\u00bbdefault\u00a0\u00bb tablet_text_alignment=\u00a0\u00bbdefault\u00a0\u00bb phone_text_alignment=\u00a0\u00bbdefault\u00a0\u00bb background_color_opacity=\u00a0\u00bb1&Prime; background_hover_color_opacity=\u00a0\u00bb1&Prime; column_backdrop_filter=\u00a0\u00bbnone\u00a0\u00bb column_shadow=\u00a0\u00bbnone\u00a0\u00bb column_border_radius=\u00a0\u00bbnone\u00a0\u00bb column_link_target=\u00a0\u00bb_self\u00a0\u00bb column_position=\u00a0\u00bbstatic\u00a0\u00bb advanced_gradient_angle=\u00a0\u00bb0&Prime; gradient_direction=\u00a0\u00bbleft_to_right\u00a0\u00bb overlay_strength=\u00a0\u00bb0.3&Prime; width=\u00a0\u00bb1\/1&Prime; tablet_width_inherit=\u00a0\u00bbdefault\u00a0\u00bb animation_type=\u00a0\u00bbdefault\u00a0\u00bb bg_image_animation=\u00a0\u00bbnone\u00a0\u00bb border_type=\u00a0\u00bbsimple\u00a0\u00bb column_border_width=\u00a0\u00bbnone\u00a0\u00bb column_border_style=\u00a0\u00bbsolid\u00a0\u00bb gradient_type=\u00a0\u00bbdefault\u00a0\u00bb column_padding_type=\u00a0\u00bbdefault\u00a0\u00bb][vc_row_inner column_margin=\u00a0\u00bbnone\u00a0\u00bb column_direction=\u00a0\u00bbdefault\u00a0\u00bb column_direction_tablet=\u00a0\u00bbdefault\u00a0\u00bb column_direction_phone=\u00a0\u00bbdefault\u00a0\u00bb left_padding_desktop=\u00a0\u00bb10%\u00a0\u00bb constrain_group_2=\u00a0\u00bbyes\u00a0\u00bb right_padding_desktop=\u00a0\u00bb10%\u00a0\u00bb text_align=\u00a0\u00bbleft\u00a0\u00bb row_position=\u00a0\u00bbdefault\u00a0\u00bb row_position_tablet=\u00a0\u00bbinherit\u00a0\u00bb row_position_phone=\u00a0\u00bbinherit\u00a0\u00bb zindex=\u00a0\u00bb10&Prime; overflow=\u00a0\u00bbvisible\u00a0\u00bb pointer_events=\u00a0\u00bball\u00a0\u00bb][vc_column_inner column_padding=\u00a0\u00bbno-extra-padding\u00a0\u00bb column_padding_tablet=\u00a0\u00bbinherit\u00a0\u00bb column_padding_phone=\u00a0\u00bbinherit\u00a0\u00bb column_padding_position=\u00a0\u00bbbottom\u00a0\u00bb column_element_direction_desktop=\u00a0\u00bbdefault\u00a0\u00bb column_element_spacing=\u00a0\u00bbdefault\u00a0\u00bb centered_text=\u00a0\u00bbtrue\u00a0\u00bb desktop_text_alignment=\u00a0\u00bbdefault\u00a0\u00bb tablet_text_alignment=\u00a0\u00bbdefault\u00a0\u00bb phone_text_alignment=\u00a0\u00bbdefault\u00a0\u00bb background_color_opacity=\u00a0\u00bb1&Prime; background_hover_color_opacity=\u00a0\u00bb1&Prime; column_backdrop_filter=\u00a0\u00bbnone\u00a0\u00bb column_shadow=\u00a0\u00bbnone\u00a0\u00bb column_border_radius=\u00a0\u00bbnone\u00a0\u00bb column_link_target=\u00a0\u00bb_self\u00a0\u00bb overflow=\u00a0\u00bbvisible\u00a0\u00bb advanced_gradient_angle=\u00a0\u00bb0&Prime; gradient_direction=\u00a0\u00bbleft_to_right\u00a0\u00bb overlay_strength=\u00a0\u00bb0.3&Prime; width=\u00a0\u00bb1\/1&Prime; tablet_width_inherit=\u00a0\u00bbdefault\u00a0\u00bb animation_type=\u00a0\u00bbdefault\u00a0\u00bb bg_image_animation=\u00a0\u00bbnone\u00a0\u00bb border_type=\u00a0\u00bbsimple\u00a0\u00bb column_border_width=\u00a0\u00bbnone\u00a0\u00bb column_border_style=\u00a0\u00bbsolid\u00a0\u00bb gradient_type=\u00a0\u00bbdefault\u00a0\u00bb column_padding_type=\u00a0\u00bbdefault\u00a0\u00bb][split_line_heading animation_type=\u00a0\u00bbline-reveal-by-space\u00a0\u00bb font_style=\u00a0\u00bbh1&Prime; text_color=\u00a0\u00bb#FFFFFF\u00a0\u00bb line_reveal_by_space_text_effect=\u00a0\u00bbletter-reveal-bottom\u00a0\u00bb content_alignment=\u00a0\u00bbcenter\u00a0\u00bb mobile_content_alignment=\u00a0\u00bbcenter\u00a0\u00bb link_target=\u00a0\u00bb_self\u00a0\u00bb text_content=\u00a0\u00bbValidit\u00e9 des ordonnances optiques\u00a0\u00bb font_size=\u00a0\u00bb6vw\u00a0\u00bb font_line_height=\u00a0\u00bb1,2&Prime; font_size_tablet=\u00a0\u00bb10vw\u00a0\u00bb text_direction=\u00a0\u00bbdefault\u00a0\u00bb][\/split_line_heading][nectar_cta btn_style=\u00a0\u00bbnext-section\u00a0\u00bb btn_type=\u00a0\u00bbminimal-arrow\u00a0\u00bb next_section_color=\u00a0\u00bb#FFFFFF\u00a0\u00bb alignment=\u00a0\u00bbcenter\u00a0\u00bb alignment_tablet=\u00a0\u00bbdefault\u00a0\u00bb alignment_phone=\u00a0\u00bbcenter\u00a0\u00bb display_tablet=\u00a0\u00bbinherit\u00a0\u00bb display_phone=\u00a0\u00bbinherit\u00a0\u00bb][\/vc_column_inner][\/vc_row_inner][\/vc_column][\/vc_row][vc_row type=\u00a0\u00bbin_container\u00a0\u00bb full_screen_row_position=\u00a0\u00bbmiddle\u00a0\u00bb column_margin=\u00a0\u00bbdefault\u00a0\u00bb column_direction=\u00a0\u00bbdefault\u00a0\u00bb column_direction_tablet=\u00a0\u00bbdefault\u00a0\u00bb column_direction_phone=\u00a0\u00bbdefault\u00a0\u00bb scene_position=\u00a0\u00bbcenter\u00a0\u00bb left_padding_desktop=\u00a0\u00bb4%\u00a0\u00bb constrain_group_2=\u00a0\u00bbyes\u00a0\u00bb right_padding_desktop=\u00a0\u00bb4%\u00a0\u00bb text_color=\u00a0\u00bbdark\u00a0\u00bb text_align=\u00a0\u00bbleft\u00a0\u00bb row_border_radius=\u00a0\u00bbnone\u00a0\u00bb row_border_radius_applies=\u00a0\u00bbbg\u00a0\u00bb overflow=\u00a0\u00bbvisible\u00a0\u00bb overlay_strength=\u00a0\u00bb0.3&Prime; gradient_direction=\u00a0\u00bbleft_to_right\u00a0\u00bb shape_divider_position=\u00a0\u00bbbottom\u00a0\u00bb bg_image_animation=\u00a0\u00bbnone\u00a0\u00bb gradient_type=\u00a0\u00bbdefault\u00a0\u00bb shape_type=\u00a0\u00bb\u00a0\u00bb][vc_column column_padding=\u00a0\u00bbpadding-5-percent\u00a0\u00bb column_padding_tablet=\u00a0\u00bbinherit\u00a0\u00bb column_padding_phone=\u00a0\u00bbpadding-3-percent\u00a0\u00bb column_padding_position=\u00a0\u00bbtop-bottom\u00a0\u00bb column_element_direction_desktop=\u00a0\u00bbdefault\u00a0\u00bb column_element_spacing=\u00a0\u00bbdefault\u00a0\u00bb desktop_text_alignment=\u00a0\u00bbdefault\u00a0\u00bb tablet_text_alignment=\u00a0\u00bbdefault\u00a0\u00bb phone_text_alignment=\u00a0\u00bbdefault\u00a0\u00bb background_color_opacity=\u00a0\u00bb1&Prime; background_hover_color_opacity=\u00a0\u00bb1&Prime; column_backdrop_filter=\u00a0\u00bbnone\u00a0\u00bb column_shadow=\u00a0\u00bbnone\u00a0\u00bb column_border_radius=\u00a0\u00bbnone\u00a0\u00bb column_link_target=\u00a0\u00bb_self\u00a0\u00bb column_position=\u00a0\u00bbdefault\u00a0\u00bb gradient_direction=\u00a0\u00bbleft_to_right\u00a0\u00bb overlay_strength=\u00a0\u00bb0.3&Prime; width=\u00a0\u00bb1\/1&Prime; tablet_width_inherit=\u00a0\u00bbdefault\u00a0\u00bb animation_type=\u00a0\u00bbdefault\u00a0\u00bb bg_image_animation=\u00a0\u00bbnone\u00a0\u00bb border_type=\u00a0\u00bbsimple\u00a0\u00bb column_border_width=\u00a0\u00bbnone\u00a0\u00bb column_border_style=\u00a0\u00bbsolid\u00a0\u00bb column_padding_type=\u00a0\u00bbdefault\u00a0\u00bb gradient_type=\u00a0\u00bbdefault\u00a0\u00bb][split_line_heading animation_type=\u00a0\u00bbline-reveal-by-space\u00a0\u00bb font_style=\u00a0\u00bbh2&Prime; text_color=\u00a0\u00bb#333333&Prime; line_reveal_by_space_text_effect=\u00a0\u00bbnone\u00a0\u00bb content_alignment=\u00a0\u00bbdefault\u00a0\u00bb mobile_content_alignment=\u00a0\u00bbinherit\u00a0\u00bb link_target=\u00a0\u00bb_self\u00a0\u00bb text_content=\u00a0\u00bbOrdonnances pour lunettes et lentilles : dur\u00e9e de validit\u00e9 et r\u00e8gles \u00e0 conna\u00eetre.\u00a0\u00bb text_direction=\u00a0\u00bbdefault\u00a0\u00bb][\/split_line_heading][divider line_type=\u00a0\u00bbNo Line\u00a0\u00bb custom_height=\u00a0\u00bb50px\u00a0\u00bb][vc_column_text css=\u00a0\u00bb\u00a0\u00bb text_direction=\u00a0\u00bbdefault\u00a0\u00bb]<strong>La prescription optique est un document m\u00e9dical indispensable pour obtenir des lunettes ou des lentilles de contact adapt\u00e9es \u00e0 sa vision<\/strong>. Mais elle n\u2019est pas valable ind\u00e9finiment. Depuis plusieurs ann\u00e9es, la l\u00e9gislation fran\u00e7aise a \u00e9volu\u00e9 afin de donner plus d\u2019autonomie aux patients tout en garantissant un suivi m\u00e9dical r\u00e9gulier.<\/p>\n<p>Chez <strong>Archimbaud Opticien<\/strong>, nous guidons nos clients pour savoir quand une prescription est encore valable, quand il est n\u00e9cessaire de consulter un ophtalmologiste et comment s\u2019adapter aux sp\u00e9cificit\u00e9s selon l\u2019\u00e2ge ou le type d\u2019\u00e9quipement (lunettes ou lentilles).[\/vc_column_text][divider line_type=\u00a0\u00bbNo Line\u00a0\u00bb custom_height=\u00a0\u00bb50px\u00a0\u00bb][split_line_heading animation_type=\u00a0\u00bbline-reveal-by-space\u00a0\u00bb font_style=\u00a0\u00bbh3&Prime; text_color=\u00a0\u00bb#333333&Prime; line_reveal_by_space_text_effect=\u00a0\u00bbnone\u00a0\u00bb content_alignment=\u00a0\u00bbdefault\u00a0\u00bb mobile_content_alignment=\u00a0\u00bbinherit\u00a0\u00bb link_target=\u00a0\u00bb_self\u00a0\u00bb text_content=\u00a0\u00bbV\u00e9rifier la validit\u00e9 de votre ordonnance en ligne\u00a0\u00bb text_direction=\u00a0\u00bbdefault\u00a0\u00bb][\/split_line_heading][divider line_type=\u00a0\u00bbFull Width Line\u00a0\u00bb line_thickness=\u00a0\u00bb1&Prime; divider_color=\u00a0\u00bbaccent-color\u00a0\u00bb][divider line_type=\u00a0\u00bbNo Line\u00a0\u00bb custom_height=\u00a0\u00bb15px\u00a0\u00bb][vc_column_text css=\u00a0\u00bb\u00a0\u00bb text_direction=\u00a0\u00bbdefault\u00a0\u00bb]Il n\u2019est pas toujours simple de savoir si votre ordonnance est encore valable, surtout que la dur\u00e9e change selon l\u2019\u00e2ge et le type d\u2019\u00e9quipement. Pour simplifier vos d\u00e9marches, Archimbaud Opticien met \u00e0 votre disposition un formulaire en ligne d\u00e9di\u00e9. En quelques clics, vous pouvez v\u00e9rifier la validit\u00e9 de votre prescription et savoir si elle vous permet de renouveler vos lunettes ou vos lentilles.[\/vc_column_text][vc_raw_html css=\u00a0\u00bb\u00a0\u00bb]JTNDaWZyYW1lJTIwc3JjJTNEJTIyaHR0cHMlM0ElMkYlMkZkaWFnLmFyY2hpbWJhdWRvcHRpY2llbi5jb20lMkZtb24tZGlhZ25vc3RpYyUyRm9yZG9ubmFuY2UlMkYlMjIlMjB3aWR0aCUzRCUyMjEwMCUyNSUyMiUyMGhlaWdodCUzRCUyMjgwMCUyMiUyMHN0eWxlJTNEJTIyYm9yZGVyJTNBbm9uZSUzQiUyMiUyMGFsbG93ZnVsbHNjcmVlbiUzRSUzQyUyRmlmcmFtZSUzRSUwQQ==[\/vc_raw_html][vc_row_inner column_margin=\u00a0\u00bbdefault\u00a0\u00bb column_direction=\u00a0\u00bbdefault\u00a0\u00bb column_direction_tablet=\u00a0\u00bbdefault\u00a0\u00bb column_direction_phone=\u00a0\u00bbdefault\u00a0\u00bb text_align=\u00a0\u00bbleft\u00a0\u00bb row_position=\u00a0\u00bbdefault\u00a0\u00bb row_position_tablet=\u00a0\u00bbinherit\u00a0\u00bb row_position_phone=\u00a0\u00bbinherit\u00a0\u00bb overflow=\u00a0\u00bbvisible\u00a0\u00bb pointer_events=\u00a0\u00bball\u00a0\u00bb][vc_column_inner column_padding=\u00a0\u00bbpadding-2-percent\u00a0\u00bb column_padding_tablet=\u00a0\u00bbinherit\u00a0\u00bb column_padding_phone=\u00a0\u00bbinherit\u00a0\u00bb column_padding_position=\u00a0\u00bball\u00a0\u00bb column_element_direction_desktop=\u00a0\u00bbdefault\u00a0\u00bb column_element_spacing=\u00a0\u00bbdefault\u00a0\u00bb desktop_text_alignment=\u00a0\u00bbdefault\u00a0\u00bb tablet_text_alignment=\u00a0\u00bbdefault\u00a0\u00bb phone_text_alignment=\u00a0\u00bbdefault\u00a0\u00bb background_color=\u00a0\u00bb#F2F2F2&Prime; background_color_opacity=\u00a0\u00bb1&Prime; background_hover_color_opacity=\u00a0\u00bb1&Prime; column_backdrop_filter=\u00a0\u00bbnone\u00a0\u00bb column_shadow=\u00a0\u00bbnone\u00a0\u00bb column_border_radius=\u00a0\u00bbnone\u00a0\u00bb column_link_target=\u00a0\u00bb_self\u00a0\u00bb overflow=\u00a0\u00bbvisible\u00a0\u00bb gradient_direction=\u00a0\u00bbleft_to_right\u00a0\u00bb overlay_strength=\u00a0\u00bb0.3&Prime; width=\u00a0\u00bb1\/1&Prime; tablet_width_inherit=\u00a0\u00bbdefault\u00a0\u00bb animation_type=\u00a0\u00bbdefault\u00a0\u00bb bg_image_animation=\u00a0\u00bbnone\u00a0\u00bb border_type=\u00a0\u00bbsimple\u00a0\u00bb column_border_width=\u00a0\u00bbnone\u00a0\u00bb column_border_style=\u00a0\u00bbsolid\u00a0\u00bb column_padding_type=\u00a0\u00bbdefault\u00a0\u00bb gradient_type=\u00a0\u00bbdefault\u00a0\u00bb][vc_column_text css=\u00a0\u00bb\u00a0\u00bb text_direction=\u00a0\u00bbdefault\u00a0\u00bb]\n<h4><strong>La validit\u00e9 des ordonnances pour lunettes<\/strong><\/h4>\n[\/vc_column_text][vc_column_text css=\u00a0\u00bb\u00a0\u00bb text_direction=\u00a0\u00bbdefault\u00a0\u00bb]La dur\u00e9e de validit\u00e9 d\u2019une prescription pour des lunettes correctrices d\u00e9pend de l\u2019\u00e2ge du patient :<\/p>\n<ul>\n<li><strong>Moins de 16 ans<\/strong> : l\u2019ordonnance est valable 1 an. Les enfants n\u00e9cessitent un suivi rapproch\u00e9 car leur vision \u00e9volue rapidement.<\/li>\n<li><strong>Entre 16 et 42 ans<\/strong> : l\u2019ordonnance est valable 5 ans. Cette dur\u00e9e offre plus de flexibilit\u00e9 aux porteurs de lunettes, tout en garantissant un contr\u00f4le r\u00e9gulier de la sant\u00e9 oculaire.<\/li>\n<li><strong>Au-del\u00e0 de 42 ans<\/strong> : la validit\u00e9 est de 3 ans. Cette r\u00e9duction de dur\u00e9e est li\u00e9e au risque accru de presbytie et de pathologies oculaires li\u00e9es \u00e0 l\u2019\u00e2ge.<\/li>\n<\/ul>\n<p>Pendant toute la dur\u00e9e de validit\u00e9 de l\u2019ordonnance, l\u2019opticien est autoris\u00e9 \u00e0 adapter la correction visuelle si n\u00e9cessaire, \u00e0 condition que cela reste coh\u00e9rent avec la prescription initiale.[\/vc_column_text][\/vc_column_inner][\/vc_row_inner][divider line_type=\u00a0\u00bbNo Line\u00a0\u00bb custom_height=\u00a0\u00bb50px\u00a0\u00bb][vc_row_inner column_margin=\u00a0\u00bbdefault\u00a0\u00bb column_direction=\u00a0\u00bbdefault\u00a0\u00bb column_direction_tablet=\u00a0\u00bbdefault\u00a0\u00bb column_direction_phone=\u00a0\u00bbdefault\u00a0\u00bb text_align=\u00a0\u00bbleft\u00a0\u00bb row_position=\u00a0\u00bbdefault\u00a0\u00bb row_position_tablet=\u00a0\u00bbinherit\u00a0\u00bb row_position_phone=\u00a0\u00bbinherit\u00a0\u00bb overflow=\u00a0\u00bbvisible\u00a0\u00bb pointer_events=\u00a0\u00bball\u00a0\u00bb][vc_column_inner column_padding=\u00a0\u00bbpadding-2-percent\u00a0\u00bb column_padding_tablet=\u00a0\u00bbinherit\u00a0\u00bb column_padding_phone=\u00a0\u00bbinherit\u00a0\u00bb column_padding_position=\u00a0\u00bball\u00a0\u00bb column_element_direction_desktop=\u00a0\u00bbdefault\u00a0\u00bb column_element_spacing=\u00a0\u00bbdefault\u00a0\u00bb desktop_text_alignment=\u00a0\u00bbdefault\u00a0\u00bb tablet_text_alignment=\u00a0\u00bbdefault\u00a0\u00bb phone_text_alignment=\u00a0\u00bbdefault\u00a0\u00bb background_color=\u00a0\u00bb#F2F2F2&Prime; background_color_opacity=\u00a0\u00bb1&Prime; background_hover_color_opacity=\u00a0\u00bb1&Prime; column_backdrop_filter=\u00a0\u00bbnone\u00a0\u00bb column_shadow=\u00a0\u00bbnone\u00a0\u00bb column_border_radius=\u00a0\u00bbnone\u00a0\u00bb column_link_target=\u00a0\u00bb_self\u00a0\u00bb overflow=\u00a0\u00bbvisible\u00a0\u00bb gradient_direction=\u00a0\u00bbleft_to_right\u00a0\u00bb overlay_strength=\u00a0\u00bb0.3&Prime; width=\u00a0\u00bb1\/1&Prime; tablet_width_inherit=\u00a0\u00bbdefault\u00a0\u00bb animation_type=\u00a0\u00bbdefault\u00a0\u00bb bg_image_animation=\u00a0\u00bbnone\u00a0\u00bb border_type=\u00a0\u00bbsimple\u00a0\u00bb column_border_width=\u00a0\u00bbnone\u00a0\u00bb column_border_style=\u00a0\u00bbsolid\u00a0\u00bb column_padding_type=\u00a0\u00bbdefault\u00a0\u00bb gradient_type=\u00a0\u00bbdefault\u00a0\u00bb][vc_column_text css=\u00a0\u00bb\u00a0\u00bb text_direction=\u00a0\u00bbdefault\u00a0\u00bb]\n<h4><strong>La validit\u00e9 des ordonnances pour lentilles de contact<\/strong><\/h4>\n[\/vc_column_text][vc_column_text css=\u00a0\u00bb\u00a0\u00bb text_direction=\u00a0\u00bbdefault\u00a0\u00bb]La r\u00e9glementation est plus stricte pour les lentilles de contact, car leur port n\u00e9cessite une surveillance m\u00e9dicale accrue.<\/p>\n<ul>\n<li><strong>Pour les patients de plus de 16 ans<\/strong> : l\u2019ordonnance est valable 3 ans.<\/li>\n<li><strong>Pour les moins de 16 ans<\/strong> : la validit\u00e9 est r\u00e9duite \u00e0 1 an.<\/li>\n<\/ul>\n<p>Les lentilles de contact exigent une adaptation initiale par un ophtalmologiste, car il s\u2019agit d\u2019un dispositif m\u00e9dical directement appliqu\u00e9 sur la corn\u00e9e. L\u2019opticien peut ensuite assurer le renouvellement dans la limite de la validit\u00e9 de l\u2019ordonnance, mais une nouvelle consultation est obligatoire au-del\u00e0.[\/vc_column_text][\/vc_column_inner][\/vc_row_inner][divider line_type=\u00a0\u00bbNo Line\u00a0\u00bb custom_height=\u00a0\u00bb50px\u00a0\u00bb][split_line_heading animation_type=\u00a0\u00bbline-reveal-by-space\u00a0\u00bb font_style=\u00a0\u00bbh3&Prime; text_color=\u00a0\u00bb#333333&Prime; line_reveal_by_space_text_effect=\u00a0\u00bbnone\u00a0\u00bb content_alignment=\u00a0\u00bbdefault\u00a0\u00bb mobile_content_alignment=\u00a0\u00bbinherit\u00a0\u00bb link_target=\u00a0\u00bb_self\u00a0\u00bb text_content=\u00a0\u00bbL\u2019adaptation de la correction par l\u2019opticien\u00a0\u00bb text_direction=\u00a0\u00bbdefault\u00a0\u00bb][\/split_line_heading][divider line_type=\u00a0\u00bbFull Width Line\u00a0\u00bb line_thickness=\u00a0\u00bb1&Prime; divider_color=\u00a0\u00bbaccent-color\u00a0\u00bb][divider line_type=\u00a0\u00bbNo Line\u00a0\u00bb custom_height=\u00a0\u00bb15px\u00a0\u00bb][vc_column_text css=\u00a0\u00bb\u00a0\u00bb text_direction=\u00a0\u00bbdefault\u00a0\u00bb]Depuis la loi de modernisation du syst\u00e8me de sant\u00e9, les opticiens disposent d\u2019une latitude pour ajuster la correction visuelle, sous certaines conditions :<\/p>\n<ul>\n<li>Si la prescription est toujours valide,<\/li>\n<li>Si le patient pr\u00e9sente une \u00e9volution de la vision compatible avec la correction,<\/li>\n<li>Si aucune contre-indication m\u00e9dicale n\u2019a \u00e9t\u00e9 signal\u00e9e par l\u2019ophtalmologiste.<\/li>\n<\/ul>\n<p>L\u2019opticien remet alors au patient un document attestant de l\u2019adaptation r\u00e9alis\u00e9e. Cette \u00e9volution r\u00e9glementaire permet d\u2019\u00e9viter des consultations inutiles, tout en maintenant un suivi m\u00e9dical pertinent[\/vc_column_text][divider line_type=\u00a0\u00bbNo Line\u00a0\u00bb custom_height=\u00a0\u00bb50px\u00a0\u00bb][split_line_heading animation_type=\u00a0\u00bbline-reveal-by-space\u00a0\u00bb font_style=\u00a0\u00bbh3&Prime; text_color=\u00a0\u00bb#333333&Prime; line_reveal_by_space_text_effect=\u00a0\u00bbnone\u00a0\u00bb content_alignment=\u00a0\u00bbdefault\u00a0\u00bb mobile_content_alignment=\u00a0\u00bbinherit\u00a0\u00bb link_target=\u00a0\u00bb_self\u00a0\u00bb text_content=\u00a0\u00bbL\u2019importance d\u2019un suivi r\u00e9gulier de la vision\u00a0\u00bb text_direction=\u00a0\u00bbdefault\u00a0\u00bb][\/split_line_heading][divider line_type=\u00a0\u00bbFull Width Line\u00a0\u00bb line_thickness=\u00a0\u00bb1&Prime; divider_color=\u00a0\u00bbaccent-color\u00a0\u00bb][divider line_type=\u00a0\u00bbNo Line\u00a0\u00bb custom_height=\u00a0\u00bb15px\u00a0\u00bb][vc_column_text css=\u00a0\u00bb\u00a0\u00bb text_direction=\u00a0\u00bbdefault\u00a0\u00bb]M\u00eame si la prescription reste valable plusieurs ann\u00e9es, il est conseill\u00e9 de consulter r\u00e9guli\u00e8rement un ophtalmologiste. Certaines pathologies oculaires, comme le glaucome ou la DMLA, peuvent \u00e9voluer silencieusement et ne sont pas d\u00e9tectables par un simple contr\u00f4le optique.<\/p>\n<p>Chez Archimbaud Opticien, nous encourageons nos clients \u00e0 associer le confort d\u2019une adaptation de lunettes ou lentilles chez l\u2019opticien \u00e0 un suivi m\u00e9dical r\u00e9gulier. Cela permet de pr\u00e9server la sant\u00e9 visuelle sur le long terme et d\u2019anticiper toute \u00e9volution de la correction.[\/vc_column_text][divider line_type=\u00a0\u00bbNo Line\u00a0\u00bb custom_height=\u00a0\u00bb50px\u00a0\u00bb][split_line_heading animation_type=\u00a0\u00bbline-reveal-by-space\u00a0\u00bb font_style=\u00a0\u00bbh3&Prime; text_color=\u00a0\u00bb#333333&Prime; line_reveal_by_space_text_effect=\u00a0\u00bbnone\u00a0\u00bb content_alignment=\u00a0\u00bbdefault\u00a0\u00bb mobile_content_alignment=\u00a0\u00bbinherit\u00a0\u00bb link_target=\u00a0\u00bb_self\u00a0\u00bb text_content=\u00a0\u00bbUn cadre r\u00e9glementaire au service des patients\u00a0\u00bb text_direction=\u00a0\u00bbdefault\u00a0\u00bb][\/split_line_heading][divider line_type=\u00a0\u00bbFull Width Line\u00a0\u00bb line_thickness=\u00a0\u00bb1&Prime; divider_color=\u00a0\u00bbaccent-color\u00a0\u00bb][divider line_type=\u00a0\u00bbNo Line\u00a0\u00bb custom_height=\u00a0\u00bb15px\u00a0\u00bb][vc_column_text css=\u00a0\u00bb\u00a0\u00bb text_direction=\u00a0\u00bbdefault\u00a0\u00bb]La r\u00e9glementation sur la validit\u00e9 des prescriptions optiques cherche \u00e0 concilier deux objectifs : faciliter l\u2019acc\u00e8s aux \u00e9quipements visuels et garantir la s\u00e9curit\u00e9 des patients. Elle offre de la souplesse dans le renouvellement des lunettes et lentilles, tout en rappelant la n\u00e9cessit\u00e9 de rester attentif \u00e0 sa sant\u00e9 oculaire.<\/p>\n<p>En boutique, nos \u00e9quipes \u00e0 Marseille et Salon-de-Provence expliquent ces r\u00e8gles \u00e0 chaque client, afin d\u2019assurer transparence et s\u00e9r\u00e9nit\u00e9 dans le parcours visuel.[\/vc_column_text][divider line_type=\u00a0\u00bbNo Line\u00a0\u00bb custom_height=\u00a0\u00bb100px\u00a0\u00bb][split_line_heading animation_type=\u00a0\u00bbline-reveal-by-space\u00a0\u00bb font_style=\u00a0\u00bbh4&Prime; text_color=\u00a0\u00bb#333333&Prime; line_reveal_by_space_text_effect=\u00a0\u00bbnone\u00a0\u00bb content_alignment=\u00a0\u00bbdefault\u00a0\u00bb mobile_content_alignment=\u00a0\u00bbinherit\u00a0\u00bb link_target=\u00a0\u00bb_self\u00a0\u00bb text_content=\u00a0\u00bbFAQ sur la r\u00e8glementation autour des ordonnances optiques\u00a0\u00bb text_direction=\u00a0\u00bbdefault\u00a0\u00bb][\/split_line_heading][divider line_type=\u00a0\u00bbNo Line\u00a0\u00bb custom_height=\u00a0\u00bb15px\u00a0\u00bb][toggles style=\u00a0\u00bbminimal_shadow\u00a0\u00bb accordion=\u00a0\u00bbtrue\u00a0\u00bb accordion_starting_functionality=\u00a0\u00bbclosed\u00a0\u00bb border_radius=\u00a0\u00bb5px\u00a0\u00bb][toggle color=\u00a0\u00bbAccent-Color\u00a0\u00bb heading_tag=\u00a0\u00bbh5&Prime; heading_tag_functionality=\u00a0\u00bbchange_html_tag\u00a0\u00bb title=\u00a0\u00bbCombien de temps est valable une ordonnance pour des lunettes ?\u00a0\u00bb][nectar_responsive_text inherited_font_style=\u00a0\u00bbdefault\u00a0\u00bb font_size_min=\u00a0\u00bb14px\u00a0\u00bb font_size_max=\u00a0\u00bb20px\u00a0\u00bb font_size_desktop=\u00a0\u00bb1.1vw\u00a0\u00bb font_line_height=\u00a0\u00bb1.6&Prime; text_direction=\u00a0\u00bbdefault\u00a0\u00bb]La dur\u00e9e de validit\u00e9 d\u00e9pend de l\u2019\u00e2ge : 1 an pour les moins de 16 ans, 5 ans entre 16 et 42 ans, et 3 ans au-del\u00e0 de 42 ans. Durant cette p\u00e9riode, l\u2019opticien peut adapter la correction si n\u00e9cessaire.[\/nectar_responsive_text][\/toggle][toggle color=\u00a0\u00bbAccent-Color\u00a0\u00bb heading_tag=\u00a0\u00bbh5&Prime; heading_tag_functionality=\u00a0\u00bbchange_html_tag\u00a0\u00bb title=\u00a0\u00bbCombien de temps est valable une ordonnance pour des lentilles de contact ?\u00a0\u00bb][nectar_responsive_text inherited_font_style=\u00a0\u00bbdefault\u00a0\u00bb font_size_min=\u00a0\u00bb14px\u00a0\u00bb font_size_max=\u00a0\u00bb20px\u00a0\u00bb font_size_desktop=\u00a0\u00bb1.1vw\u00a0\u00bb font_line_height=\u00a0\u00bb1.6&Prime; text_direction=\u00a0\u00bbdefault\u00a0\u00bb]Pour les lentilles, la prescription est valable 1 an si le patient a moins de 16 ans, et 3 ans au-del\u00e0. Une adaptation initiale par l\u2019ophtalmologiste est obligatoire.[\/nectar_responsive_text][\/toggle][toggle color=\u00a0\u00bbAccent-Color\u00a0\u00bb heading_tag=\u00a0\u00bbh5&Prime; heading_tag_functionality=\u00a0\u00bbchange_html_tag\u00a0\u00bb title=\u00a0\u00bbComment v\u00e9rifier si mon ordonnance est encore valable ?\u00a0\u00bb][nectar_responsive_text inherited_font_style=\u00a0\u00bbdefault\u00a0\u00bb font_size_min=\u00a0\u00bb14px\u00a0\u00bb font_size_max=\u00a0\u00bb20px\u00a0\u00bb font_size_desktop=\u00a0\u00bb1.1vw\u00a0\u00bb font_line_height=\u00a0\u00bb1.6&Prime; text_direction=\u00a0\u00bbdefault\u00a0\u00bb]Vous pouvez utiliser le formulaire en ligne propos\u00e9 par Archimbaud Opticien pour savoir imm\u00e9diatement si votre ordonnance est toujours valide.[\/nectar_responsive_text][\/toggle][toggle color=\u00a0\u00bbAccent-Color\u00a0\u00bb heading_tag=\u00a0\u00bbh5&Prime; heading_tag_functionality=\u00a0\u00bbchange_html_tag\u00a0\u00bb title=\u00a0\u00bbQue signifient OD et OG sur une ordonnance optique ?\u00a0\u00bb][nectar_responsive_text inherited_font_style=\u00a0\u00bbdefault\u00a0\u00bb font_size_min=\u00a0\u00bb14px\u00a0\u00bb font_size_max=\u00a0\u00bb20px\u00a0\u00bb font_size_desktop=\u00a0\u00bb1.1vw\u00a0\u00bb font_line_height=\u00a0\u00bb1.6&Prime; text_direction=\u00a0\u00bbdefault\u00a0\u00bb]OD correspond \u00e0 l\u2019\u0153il droit (oculus dexter) et OG \u00e0 l\u2019\u0153il gauche (oculus sinister). Ces mentions permettent de diff\u00e9rencier les corrections de chaque \u0153il.[\/nectar_responsive_text][\/toggle][toggle color=\u00a0\u00bbAccent-Color\u00a0\u00bb heading_tag=\u00a0\u00bbh5&Prime; heading_tag_functionality=\u00a0\u00bbchange_html_tag\u00a0\u00bb title=\u00a0\u00bbQue veut dire SPH, CYL, AXE ou ADD sur une prescription ?\u00a0\u00bb][nectar_responsive_text inherited_font_style=\u00a0\u00bbdefault\u00a0\u00bb font_size_min=\u00a0\u00bb14px\u00a0\u00bb font_size_max=\u00a0\u00bb20px\u00a0\u00bb font_size_desktop=\u00a0\u00bb1.1vw\u00a0\u00bb font_line_height=\u00a0\u00bb1.6&Prime; text_direction=\u00a0\u00bbdefault\u00a0\u00bb]\n<ul>\n<li>SPH (sph\u00e8re) : correction de la myopie ou de l\u2019hyperm\u00e9tropie.<\/li>\n<li>CYL (cylindre) et AXE : correction de l\u2019astigmatisme.<\/li>\n<li>ADD (addition) : correction suppl\u00e9mentaire pour la presbytie, utilis\u00e9e pour la vision de pr\u00e8s.<\/li>\n<\/ul>\n[\/nectar_responsive_text][\/toggle][toggle color=\u00a0\u00bbAccent-Color\u00a0\u00bb heading_tag=\u00a0\u00bbh5&Prime; heading_tag_functionality=\u00a0\u00bbchange_html_tag\u00a0\u00bb title=\u00a0\u00bbMon ordonnance mentionne un rayon et un diam\u00e8tre, \u00e0 quoi cela correspond-il ?\u00a0\u00bb][nectar_responsive_text inherited_font_style=\u00a0\u00bbdefault\u00a0\u00bb text_direction=\u00a0\u00bbdefault\u00a0\u00bb]Ces indications concernent les lentilles de contact : elles d\u00e9terminent la courbure et la taille adapt\u00e9es \u00e0 la corn\u00e9e, pour garantir confort et s\u00e9curit\u00e9.[\/nectar_responsive_text][\/toggle][toggle color=\u00a0\u00bbAccent-Color\u00a0\u00bb heading_tag=\u00a0\u00bbh5&Prime; heading_tag_functionality=\u00a0\u00bbchange_html_tag\u00a0\u00bb title=\u00a0\u00bbPuis-je renouveler mes lunettes ou lentilles directement chez l\u2019opticien ?\u00a0\u00bb][nectar_responsive_text inherited_font_style=\u00a0\u00bbdefault\u00a0\u00bb text_direction=\u00a0\u00bbdefault\u00a0\u00bb]Oui, si votre ordonnance est encore valable. L\u2019opticien peut adapter la correction, sauf contre-indication de l\u2019ophtalmologiste. En revanche, une nouvelle consultation est n\u00e9cessaire une fois la validit\u00e9 expir\u00e9e.[\/nectar_responsive_text][\/toggle][\/toggles][\/vc_column][\/vc_row]\n","protected":false},"excerpt":{"rendered":"<p>Ordonnance lunettes ou lentilles : combien de temps est-elle valable ? La r\u00e9glementation change selon l\u2019\u00e2ge et le type d\u2019\u00e9quipement. Avec Archimbaud Opticien, apprenez \u00e0 v\u00e9rifier la validit\u00e9 de votre prescription et \u00e0 d\u00e9chiffrer chaque mention de votre ordonnance pour mieux comprendre votre correction visuelle.<\/p>\n","protected":false},"author":3,"featured_media":1054,"comment_status":"closed","ping_status":"closed","sticky":false,"template":"","format":"standard","meta":{"footnotes":""},"categories":[7],"tags":[29,50,47,49,46,48,51],"class_list":{"0":"post-1053","1":"post","2":"type-post","3":"status-publish","4":"format-standard","5":"has-post-thumbnail","7":"category-legislation","8":"tag-lentilles","9":"tag-lunettes","10":"tag-ophtalmologie","11":"tag-optique","12":"tag-ordonnance","13":"tag-prescription","14":"tag-reglementation"},"yoast_head":"<!-- This site is optimized with the Yoast SEO plugin v27.0 - https:\/\/yoast.com\/product\/yoast-seo-wordpress\/ -->\n<title>Validit\u00e9 des ordonnances optiques : lunettes et lentilles | Archimbaud Opticien Blog<\/title>\n<meta name=\"description\" content=\"D\u00e9couvrez combien de temps est valable une ordonnance pour lunettes ou lentilles. Archimbaud Opticien \u00e0 Marseille et Salon-de-Provence vous guide pour v\u00e9rifier la validit\u00e9 de votre prescription et comprendre chaque mention de votre ordonnance.\" \/>\n<meta name=\"robots\" content=\"index, follow, max-snippet:-1, max-image-preview:large, max-video-preview:-1\" \/>\n<link rel=\"canonical\" href=\"https:\/\/www.archimbaudopticien.com\/blog\/legislation\/validite-ordonnances-optiques\" \/>\n<meta property=\"og:locale\" content=\"fr_FR\" \/>\n<meta property=\"og:type\" content=\"article\" \/>\n<meta property=\"og:title\" content=\"Validit\u00e9 des ordonnances optiques : lunettes et lentilles | Archimbaud Opticien Blog\" \/>\n<meta property=\"og:description\" content=\"D\u00e9couvrez combien de temps est valable une ordonnance pour lunettes ou lentilles. Archimbaud Opticien \u00e0 Marseille et Salon-de-Provence vous guide pour v\u00e9rifier la validit\u00e9 de votre prescription et comprendre chaque mention de votre ordonnance.\" \/>\n<meta property=\"og:url\" content=\"https:\/\/www.archimbaudopticien.com\/blog\/legislation\/validite-ordonnances-optiques\" \/>\n<meta property=\"og:site_name\" content=\"Archimbaud Opticien Blog\" \/>\n<meta property=\"article:publisher\" content=\"https:\/\/www.facebook.com\/archimbaudopticien\" \/>\n<meta property=\"article:published_time\" content=\"2025-09-23T09:33:37+00:00\" \/>\n<meta property=\"article:modified_time\" content=\"2026-02-12T12:44:26+00:00\" \/>\n<meta property=\"og:image\" content=\"https:\/\/www.archimbaudopticien.com\/blog\/wp-content\/uploads\/2025\/09\/Validite-des-ordonnances-optiques-archimbaud-opticien.jpg\" \/>\n\t<meta property=\"og:image:width\" content=\"1800\" \/>\n\t<meta property=\"og:image:height\" content=\"1018\" \/>\n\t<meta property=\"og:image:type\" content=\"image\/jpeg\" \/>\n<meta name=\"author\" content=\"Dominique\" \/>\n<meta name=\"twitter:card\" content=\"summary_large_image\" \/>\n<meta name=\"twitter:label1\" content=\"\u00c9crit par\" \/>\n\t<meta name=\"twitter:data1\" content=\"Dominique\" \/>\n\t<meta name=\"twitter:label2\" content=\"Dur\u00e9e de lecture estim\u00e9e\" \/>\n\t<meta name=\"twitter:data2\" content=\"5 minutes\" \/>\n<script type=\"application\/ld+json\" class=\"yoast-schema-graph\">{\"@context\":\"https:\/\/schema.org\",\"@graph\":[{\"@type\":\"Article\",\"@id\":\"https:\/\/www.archimbaudopticien.com\/blog\/legislation\/validite-ordonnances-optiques#article\",\"isPartOf\":{\"@id\":\"https:\/\/www.archimbaudopticien.com\/blog\/legislation\/validite-ordonnances-optiques\"},\"author\":{\"name\":\"Dominique\",\"@id\":\"https:\/\/www.archimbaudopticien.com\/blog\/#\/schema\/person\/99b42cc6c97675964638728229b4a8d0\"},\"headline\":\"Validit\u00e9 Ordonnances Optiques\",\"datePublished\":\"2025-09-23T09:33:37+00:00\",\"dateModified\":\"2026-02-12T12:44:26+00:00\",\"mainEntityOfPage\":{\"@id\":\"https:\/\/www.archimbaudopticien.com\/blog\/legislation\/validite-ordonnances-optiques\"},\"wordCount\":2679,\"publisher\":{\"@id\":\"https:\/\/www.archimbaudopticien.com\/blog\/#organization\"},\"image\":{\"@id\":\"https:\/\/www.archimbaudopticien.com\/blog\/legislation\/validite-ordonnances-optiques#primaryimage\"},\"thumbnailUrl\":\"https:\/\/www.archimbaudopticien.com\/blog\/wp-content\/uploads\/2025\/09\/Validite-des-ordonnances-optiques-archimbaud-opticien.jpg\",\"keywords\":[\"Lentilles\",\"Lunettes\",\"Ophtalmologie\",\"Optique\",\"Ordonnance\",\"Prescription\",\"R\u00e8glementation\"],\"articleSection\":[\"L\u00e9gislation\"],\"inLanguage\":\"fr-FR\"},{\"@type\":\"WebPage\",\"@id\":\"https:\/\/www.archimbaudopticien.com\/blog\/legislation\/validite-ordonnances-optiques\",\"url\":\"https:\/\/www.archimbaudopticien.com\/blog\/legislation\/validite-ordonnances-optiques\",\"name\":\"Validit\u00e9 des ordonnances optiques : lunettes et lentilles | Archimbaud Opticien Blog\",\"isPartOf\":{\"@id\":\"https:\/\/www.archimbaudopticien.com\/blog\/#website\"},\"primaryImageOfPage\":{\"@id\":\"https:\/\/www.archimbaudopticien.com\/blog\/legislation\/validite-ordonnances-optiques#primaryimage\"},\"image\":{\"@id\":\"https:\/\/www.archimbaudopticien.com\/blog\/legislation\/validite-ordonnances-optiques#primaryimage\"},\"thumbnailUrl\":\"https:\/\/www.archimbaudopticien.com\/blog\/wp-content\/uploads\/2025\/09\/Validite-des-ordonnances-optiques-archimbaud-opticien.jpg\",\"datePublished\":\"2025-09-23T09:33:37+00:00\",\"dateModified\":\"2026-02-12T12:44:26+00:00\",\"description\":\"D\u00e9couvrez combien de temps est valable une ordonnance pour lunettes ou lentilles. Archimbaud Opticien \u00e0 Marseille et Salon-de-Provence vous guide pour v\u00e9rifier la validit\u00e9 de votre prescription et comprendre chaque mention de votre ordonnance.\",\"breadcrumb\":{\"@id\":\"https:\/\/www.archimbaudopticien.com\/blog\/legislation\/validite-ordonnances-optiques#breadcrumb\"},\"inLanguage\":\"fr-FR\",\"potentialAction\":[{\"@type\":\"ReadAction\",\"target\":[\"https:\/\/www.archimbaudopticien.com\/blog\/legislation\/validite-ordonnances-optiques\"]}]},{\"@type\":\"ImageObject\",\"inLanguage\":\"fr-FR\",\"@id\":\"https:\/\/www.archimbaudopticien.com\/blog\/legislation\/validite-ordonnances-optiques#primaryimage\",\"url\":\"https:\/\/www.archimbaudopticien.com\/blog\/wp-content\/uploads\/2025\/09\/Validite-des-ordonnances-optiques-archimbaud-opticien.jpg\",\"contentUrl\":\"https:\/\/www.archimbaudopticien.com\/blog\/wp-content\/uploads\/2025\/09\/Validite-des-ordonnances-optiques-archimbaud-opticien.jpg\",\"width\":1800,\"height\":1018},{\"@type\":\"BreadcrumbList\",\"@id\":\"https:\/\/www.archimbaudopticien.com\/blog\/legislation\/validite-ordonnances-optiques#breadcrumb\",\"itemListElement\":[{\"@type\":\"ListItem\",\"position\":1,\"name\":\"Accueil\",\"item\":\"https:\/\/www.archimbaudopticien.com\/blog\/\"},{\"@type\":\"ListItem\",\"position\":2,\"name\":\"Validit\u00e9 Ordonnances Optiques\"}]},{\"@type\":\"WebSite\",\"@id\":\"https:\/\/www.archimbaudopticien.com\/blog\/#website\",\"url\":\"https:\/\/www.archimbaudopticien.com\/blog\/\",\"name\":\"Archimbaud Opticien\",\"description\":\"\",\"publisher\":{\"@id\":\"https:\/\/www.archimbaudopticien.com\/blog\/#organization\"},\"potentialAction\":[{\"@type\":\"SearchAction\",\"target\":{\"@type\":\"EntryPoint\",\"urlTemplate\":\"https:\/\/www.archimbaudopticien.com\/blog\/?s={search_term_string}\"},\"query-input\":{\"@type\":\"PropertyValueSpecification\",\"valueRequired\":true,\"valueName\":\"search_term_string\"}}],\"inLanguage\":\"fr-FR\"},{\"@type\":\"Organization\",\"@id\":\"https:\/\/www.archimbaudopticien.com\/blog\/#organization\",\"name\":\"Blog d'Archimbaud Opticien\",\"url\":\"https:\/\/www.archimbaudopticien.com\/blog\/\",\"logo\":{\"@type\":\"ImageObject\",\"inLanguage\":\"fr-FR\",\"@id\":\"https:\/\/www.archimbaudopticien.com\/blog\/#\/schema\/logo\/image\/\",\"url\":\"https:\/\/www.archimbaudopticien.com\/blog\/wp-content\/uploads\/2025\/09\/Logo-Noir-transparent-scaled.png\",\"contentUrl\":\"https:\/\/www.archimbaudopticien.com\/blog\/wp-content\/uploads\/2025\/09\/Logo-Noir-transparent-scaled.png\",\"width\":2560,\"height\":1979,\"caption\":\"Blog d'Archimbaud Opticien\"},\"image\":{\"@id\":\"https:\/\/www.archimbaudopticien.com\/blog\/#\/schema\/logo\/image\/\"},\"sameAs\":[\"https:\/\/www.facebook.com\/archimbaudopticien\",\"https:\/\/www.instagram.com\/archimbaudopticien\/\"]},{\"@type\":\"Person\",\"@id\":\"https:\/\/www.archimbaudopticien.com\/blog\/#\/schema\/person\/99b42cc6c97675964638728229b4a8d0\",\"name\":\"Dominique\",\"image\":{\"@type\":\"ImageObject\",\"inLanguage\":\"fr-FR\",\"@id\":\"https:\/\/www.archimbaudopticien.com\/blog\/#\/schema\/person\/image\/\",\"url\":\"https:\/\/secure.gravatar.com\/avatar\/7a9fdaa140318010833413ca2caac72e865e73327cd70955c97de10ce0a27972?s=96&d=mm&r=g\",\"contentUrl\":\"https:\/\/secure.gravatar.com\/avatar\/7a9fdaa140318010833413ca2caac72e865e73327cd70955c97de10ce0a27972?s=96&d=mm&r=g\",\"caption\":\"Dominique\"},\"url\":\"https:\/\/www.archimbaudopticien.com\/blog\/author\/communilink\"}]}<\/script>\n<!-- \/ Yoast SEO plugin. -->","yoast_head_json":{"title":"Validit\u00e9 des ordonnances optiques : lunettes et lentilles | Archimbaud Opticien Blog","description":"D\u00e9couvrez combien de temps est valable une ordonnance pour lunettes ou lentilles. Archimbaud Opticien \u00e0 Marseille et Salon-de-Provence vous guide pour v\u00e9rifier la validit\u00e9 de votre prescription et comprendre chaque mention de votre ordonnance.","robots":{"index":"index","follow":"follow","max-snippet":"max-snippet:-1","max-image-preview":"max-image-preview:large","max-video-preview":"max-video-preview:-1"},"canonical":"https:\/\/www.archimbaudopticien.com\/blog\/legislation\/validite-ordonnances-optiques","og_locale":"fr_FR","og_type":"article","og_title":"Validit\u00e9 des ordonnances optiques : lunettes et lentilles | Archimbaud Opticien Blog","og_description":"D\u00e9couvrez combien de temps est valable une ordonnance pour lunettes ou lentilles. Archimbaud Opticien \u00e0 Marseille et Salon-de-Provence vous guide pour v\u00e9rifier la validit\u00e9 de votre prescription et comprendre chaque mention de votre ordonnance.","og_url":"https:\/\/www.archimbaudopticien.com\/blog\/legislation\/validite-ordonnances-optiques","og_site_name":"Archimbaud Opticien Blog","article_publisher":"https:\/\/www.facebook.com\/archimbaudopticien","article_published_time":"2025-09-23T09:33:37+00:00","article_modified_time":"2026-02-12T12:44:26+00:00","og_image":[{"width":1800,"height":1018,"url":"https:\/\/www.archimbaudopticien.com\/blog\/wp-content\/uploads\/2025\/09\/Validite-des-ordonnances-optiques-archimbaud-opticien.jpg","type":"image\/jpeg"}],"author":"Dominique","twitter_card":"summary_large_image","twitter_misc":{"\u00c9crit par":"Dominique","Dur\u00e9e de lecture estim\u00e9e":"5 minutes"},"schema":{"@context":"https:\/\/schema.org","@graph":[{"@type":"Article","@id":"https:\/\/www.archimbaudopticien.com\/blog\/legislation\/validite-ordonnances-optiques#article","isPartOf":{"@id":"https:\/\/www.archimbaudopticien.com\/blog\/legislation\/validite-ordonnances-optiques"},"author":{"name":"Dominique","@id":"https:\/\/www.archimbaudopticien.com\/blog\/#\/schema\/person\/99b42cc6c97675964638728229b4a8d0"},"headline":"Validit\u00e9 Ordonnances Optiques","datePublished":"2025-09-23T09:33:37+00:00","dateModified":"2026-02-12T12:44:26+00:00","mainEntityOfPage":{"@id":"https:\/\/www.archimbaudopticien.com\/blog\/legislation\/validite-ordonnances-optiques"},"wordCount":2679,"publisher":{"@id":"https:\/\/www.archimbaudopticien.com\/blog\/#organization"},"image":{"@id":"https:\/\/www.archimbaudopticien.com\/blog\/legislation\/validite-ordonnances-optiques#primaryimage"},"thumbnailUrl":"https:\/\/www.archimbaudopticien.com\/blog\/wp-content\/uploads\/2025\/09\/Validite-des-ordonnances-optiques-archimbaud-opticien.jpg","keywords":["Lentilles","Lunettes","Ophtalmologie","Optique","Ordonnance","Prescription","R\u00e8glementation"],"articleSection":["L\u00e9gislation"],"inLanguage":"fr-FR"},{"@type":"WebPage","@id":"https:\/\/www.archimbaudopticien.com\/blog\/legislation\/validite-ordonnances-optiques","url":"https:\/\/www.archimbaudopticien.com\/blog\/legislation\/validite-ordonnances-optiques","name":"Validit\u00e9 des ordonnances optiques : lunettes et lentilles | Archimbaud Opticien Blog","isPartOf":{"@id":"https:\/\/www.archimbaudopticien.com\/blog\/#website"},"primaryImageOfPage":{"@id":"https:\/\/www.archimbaudopticien.com\/blog\/legislation\/validite-ordonnances-optiques#primaryimage"},"image":{"@id":"https:\/\/www.archimbaudopticien.com\/blog\/legislation\/validite-ordonnances-optiques#primaryimage"},"thumbnailUrl":"https:\/\/www.archimbaudopticien.com\/blog\/wp-content\/uploads\/2025\/09\/Validite-des-ordonnances-optiques-archimbaud-opticien.jpg","datePublished":"2025-09-23T09:33:37+00:00","dateModified":"2026-02-12T12:44:26+00:00","description":"D\u00e9couvrez combien de temps est valable une ordonnance pour lunettes ou lentilles. Archimbaud Opticien \u00e0 Marseille et Salon-de-Provence vous guide pour v\u00e9rifier la validit\u00e9 de votre prescription et comprendre chaque mention de votre ordonnance.","breadcrumb":{"@id":"https:\/\/www.archimbaudopticien.com\/blog\/legislation\/validite-ordonnances-optiques#breadcrumb"},"inLanguage":"fr-FR","potentialAction":[{"@type":"ReadAction","target":["https:\/\/www.archimbaudopticien.com\/blog\/legislation\/validite-ordonnances-optiques"]}]},{"@type":"ImageObject","inLanguage":"fr-FR","@id":"https:\/\/www.archimbaudopticien.com\/blog\/legislation\/validite-ordonnances-optiques#primaryimage","url":"https:\/\/www.archimbaudopticien.com\/blog\/wp-content\/uploads\/2025\/09\/Validite-des-ordonnances-optiques-archimbaud-opticien.jpg","contentUrl":"https:\/\/www.archimbaudopticien.com\/blog\/wp-content\/uploads\/2025\/09\/Validite-des-ordonnances-optiques-archimbaud-opticien.jpg","width":1800,"height":1018},{"@type":"BreadcrumbList","@id":"https:\/\/www.archimbaudopticien.com\/blog\/legislation\/validite-ordonnances-optiques#breadcrumb","itemListElement":[{"@type":"ListItem","position":1,"name":"Accueil","item":"https:\/\/www.archimbaudopticien.com\/blog\/"},{"@type":"ListItem","position":2,"name":"Validit\u00e9 Ordonnances Optiques"}]},{"@type":"WebSite","@id":"https:\/\/www.archimbaudopticien.com\/blog\/#website","url":"https:\/\/www.archimbaudopticien.com\/blog\/","name":"Archimbaud Opticien","description":"","publisher":{"@id":"https:\/\/www.archimbaudopticien.com\/blog\/#organization"},"potentialAction":[{"@type":"SearchAction","target":{"@type":"EntryPoint","urlTemplate":"https:\/\/www.archimbaudopticien.com\/blog\/?s={search_term_string}"},"query-input":{"@type":"PropertyValueSpecification","valueRequired":true,"valueName":"search_term_string"}}],"inLanguage":"fr-FR"},{"@type":"Organization","@id":"https:\/\/www.archimbaudopticien.com\/blog\/#organization","name":"Blog d'Archimbaud Opticien","url":"https:\/\/www.archimbaudopticien.com\/blog\/","logo":{"@type":"ImageObject","inLanguage":"fr-FR","@id":"https:\/\/www.archimbaudopticien.com\/blog\/#\/schema\/logo\/image\/","url":"https:\/\/www.archimbaudopticien.com\/blog\/wp-content\/uploads\/2025\/09\/Logo-Noir-transparent-scaled.png","contentUrl":"https:\/\/www.archimbaudopticien.com\/blog\/wp-content\/uploads\/2025\/09\/Logo-Noir-transparent-scaled.png","width":2560,"height":1979,"caption":"Blog d'Archimbaud Opticien"},"image":{"@id":"https:\/\/www.archimbaudopticien.com\/blog\/#\/schema\/logo\/image\/"},"sameAs":["https:\/\/www.facebook.com\/archimbaudopticien","https:\/\/www.instagram.com\/archimbaudopticien\/"]},{"@type":"Person","@id":"https:\/\/www.archimbaudopticien.com\/blog\/#\/schema\/person\/99b42cc6c97675964638728229b4a8d0","name":"Dominique","image":{"@type":"ImageObject","inLanguage":"fr-FR","@id":"https:\/\/www.archimbaudopticien.com\/blog\/#\/schema\/person\/image\/","url":"https:\/\/secure.gravatar.com\/avatar\/7a9fdaa140318010833413ca2caac72e865e73327cd70955c97de10ce0a27972?s=96&d=mm&r=g","contentUrl":"https:\/\/secure.gravatar.com\/avatar\/7a9fdaa140318010833413ca2caac72e865e73327cd70955c97de10ce0a27972?s=96&d=mm&r=g","caption":"Dominique"},"url":"https:\/\/www.archimbaudopticien.com\/blog\/author\/communilink"}]}},"_links":{"self":[{"href":"https:\/\/www.archimbaudopticien.com\/blog\/wp-json\/wp\/v2\/posts\/1053","targetHints":{"allow":["GET"]}}],"collection":[{"href":"https:\/\/www.archimbaudopticien.com\/blog\/wp-json\/wp\/v2\/posts"}],"about":[{"href":"https:\/\/www.archimbaudopticien.com\/blog\/wp-json\/wp\/v2\/types\/post"}],"author":[{"embeddable":true,"href":"https:\/\/www.archimbaudopticien.com\/blog\/wp-json\/wp\/v2\/users\/3"}],"replies":[{"embeddable":true,"href":"https:\/\/www.archimbaudopticien.com\/blog\/wp-json\/wp\/v2\/comments?post=1053"}],"version-history":[{"count":13,"href":"https:\/\/www.archimbaudopticien.com\/blog\/wp-json\/wp\/v2\/posts\/1053\/revisions"}],"predecessor-version":[{"id":2391,"href":"https:\/\/www.archimbaudopticien.com\/blog\/wp-json\/wp\/v2\/posts\/1053\/revisions\/2391"}],"wp:featuredmedia":[{"embeddable":true,"href":"https:\/\/www.archimbaudopticien.com\/blog\/wp-json\/wp\/v2\/media\/1054"}],"wp:attachment":[{"href":"https:\/\/www.archimbaudopticien.com\/blog\/wp-json\/wp\/v2\/media?parent=1053"}],"wp:term":[{"taxonomy":"category","embeddable":true,"href":"https:\/\/www.archimbaudopticien.com\/blog\/wp-json\/wp\/v2\/categories?post=1053"},{"taxonomy":"post_tag","embeddable":true,"href":"https:\/\/www.archimbaudopticien.com\/blog\/wp-json\/wp\/v2\/tags?post=1053"}],"curies":[{"name":"wp","href":"https:\/\/api.w.org\/{rel}","templated":true}]}}