{"id":1459,"date":"2025-11-13T18:19:02","date_gmt":"2025-11-13T17:19:02","guid":{"rendered":"https:\/\/www.archimbaudopticien.com\/blog\/?p=1459"},"modified":"2025-11-14T11:27:41","modified_gmt":"2025-11-14T10:27:41","slug":"lunettes-made-in-france","status":"publish","type":"post","link":"https:\/\/www.archimbaudopticien.com\/blog\/lunettes\/lunettes-made-in-france","title":{"rendered":"Lunettes made in France"},"content":{"rendered":"[vc_row type=\u00a0\u00bbfull_width_content\u00a0\u00bb full_screen_row_position=\u00a0\u00bbmiddle\u00a0\u00bb column_margin=\u00a0\u00bbdefault\u00a0\u00bb column_direction=\u00a0\u00bbdefault\u00a0\u00bb column_direction_tablet=\u00a0\u00bbdefault\u00a0\u00bb column_direction_phone=\u00a0\u00bbdefault\u00a0\u00bb bg_color=\u00a0\u00bb#2B323A00&Prime; bg_image=\u00a0\u00bb1460&Prime; bg_position=\u00a0\u00bbcenter center\u00a0\u00bb background_image_loading=\u00a0\u00bbdefault\u00a0\u00bb bg_repeat=\u00a0\u00bbno-repeat\u00a0\u00bb scene_position=\u00a0\u00bbcenter\u00a0\u00bb top_padding=\u00a0\u00bb12%\u00a0\u00bb bottom_padding=\u00a0\u00bb2%\u00a0\u00bb left_padding_desktop=\u00a0\u00bb8%\u00a0\u00bb constrain_group_2=\u00a0\u00bbyes\u00a0\u00bb right_padding_desktop=\u00a0\u00bb8%\u00a0\u00bb top_margin=\u00a0\u00bb0&Prime; text_color=\u00a0\u00bblight\u00a0\u00bb text_align=\u00a0\u00bbleft\u00a0\u00bb row_border_radius=\u00a0\u00bbnone\u00a0\u00bb row_border_radius_applies=\u00a0\u00bbbg\u00a0\u00bb zindex=\u00a0\u00bb100&Prime; overflow=\u00a0\u00bbhidden\u00a0\u00bb color_overlay=\u00a0\u00bbrgba(0,0,0,0.78)\u00a0\u00bb advanced_gradient_angle=\u00a0\u00bb0&Prime; overlay_strength=\u00a0\u00bb0.3&Prime; gradient_direction=\u00a0\u00bbradial\u00a0\u00bb shape_divider_position=\u00a0\u00bbbottom\u00a0\u00bb bg_image_animation=\u00a0\u00bbfade-in\u00a0\u00bb mobile_disable_bg_image_animation=\u00a0\u00bbtrue\u00a0\u00bb shape_type=\u00a0\u00bb\u00a0\u00bb gradient_type=\u00a0\u00bbdefault\u00a0\u00bb][vc_column column_padding=\u00a0\u00bbno-extra-padding\u00a0\u00bb column_padding_tablet=\u00a0\u00bbinherit\u00a0\u00bb column_padding_phone=\u00a0\u00bbinherit\u00a0\u00bb column_padding_position=\u00a0\u00bbtop-bottom\u00a0\u00bb column_element_direction_desktop=\u00a0\u00bbdefault\u00a0\u00bb column_element_spacing=\u00a0\u00bb0px\u00a0\u00bb desktop_text_alignment=\u00a0\u00bbdefault\u00a0\u00bb tablet_text_alignment=\u00a0\u00bbdefault\u00a0\u00bb phone_text_alignment=\u00a0\u00bbdefault\u00a0\u00bb background_color_opacity=\u00a0\u00bb1&Prime; background_hover_color_opacity=\u00a0\u00bb1&Prime; column_backdrop_filter=\u00a0\u00bbnone\u00a0\u00bb column_shadow=\u00a0\u00bbnone\u00a0\u00bb column_border_radius=\u00a0\u00bbnone\u00a0\u00bb column_link_target=\u00a0\u00bb_self\u00a0\u00bb column_position=\u00a0\u00bbstatic\u00a0\u00bb advanced_gradient_angle=\u00a0\u00bb0&Prime; gradient_direction=\u00a0\u00bbleft_to_right\u00a0\u00bb overlay_strength=\u00a0\u00bb0.3&Prime; width=\u00a0\u00bb1\/1&Prime; tablet_width_inherit=\u00a0\u00bbdefault\u00a0\u00bb animation_type=\u00a0\u00bbdefault\u00a0\u00bb bg_image_animation=\u00a0\u00bbnone\u00a0\u00bb border_type=\u00a0\u00bbsimple\u00a0\u00bb column_border_width=\u00a0\u00bbnone\u00a0\u00bb column_border_style=\u00a0\u00bbsolid\u00a0\u00bb gradient_type=\u00a0\u00bbdefault\u00a0\u00bb column_padding_type=\u00a0\u00bbdefault\u00a0\u00bb][vc_row_inner column_margin=\u00a0\u00bbnone\u00a0\u00bb column_direction=\u00a0\u00bbdefault\u00a0\u00bb column_direction_tablet=\u00a0\u00bbdefault\u00a0\u00bb column_direction_phone=\u00a0\u00bbdefault\u00a0\u00bb left_padding_desktop=\u00a0\u00bb15%\u00a0\u00bb constrain_group_2=\u00a0\u00bbyes\u00a0\u00bb right_padding_desktop=\u00a0\u00bb15%\u00a0\u00bb text_align=\u00a0\u00bbleft\u00a0\u00bb row_position=\u00a0\u00bbdefault\u00a0\u00bb row_position_tablet=\u00a0\u00bbinherit\u00a0\u00bb row_position_phone=\u00a0\u00bbinherit\u00a0\u00bb zindex=\u00a0\u00bb10&Prime; overflow=\u00a0\u00bbvisible\u00a0\u00bb pointer_events=\u00a0\u00bball\u00a0\u00bb][vc_column_inner column_padding=\u00a0\u00bbno-extra-padding\u00a0\u00bb column_padding_tablet=\u00a0\u00bbinherit\u00a0\u00bb column_padding_phone=\u00a0\u00bbinherit\u00a0\u00bb column_padding_position=\u00a0\u00bbbottom\u00a0\u00bb column_element_direction_desktop=\u00a0\u00bbdefault\u00a0\u00bb column_element_spacing=\u00a0\u00bbdefault\u00a0\u00bb centered_text=\u00a0\u00bbtrue\u00a0\u00bb desktop_text_alignment=\u00a0\u00bbdefault\u00a0\u00bb tablet_text_alignment=\u00a0\u00bbdefault\u00a0\u00bb phone_text_alignment=\u00a0\u00bbdefault\u00a0\u00bb background_color_opacity=\u00a0\u00bb1&Prime; background_hover_color_opacity=\u00a0\u00bb1&Prime; column_backdrop_filter=\u00a0\u00bbnone\u00a0\u00bb column_shadow=\u00a0\u00bbnone\u00a0\u00bb column_border_radius=\u00a0\u00bbnone\u00a0\u00bb column_link_target=\u00a0\u00bb_self\u00a0\u00bb overflow=\u00a0\u00bbvisible\u00a0\u00bb advanced_gradient_angle=\u00a0\u00bb0&Prime; gradient_direction=\u00a0\u00bbleft_to_right\u00a0\u00bb overlay_strength=\u00a0\u00bb0.3&Prime; width=\u00a0\u00bb1\/1&Prime; tablet_width_inherit=\u00a0\u00bbdefault\u00a0\u00bb animation_type=\u00a0\u00bbdefault\u00a0\u00bb bg_image_animation=\u00a0\u00bbnone\u00a0\u00bb border_type=\u00a0\u00bbsimple\u00a0\u00bb column_border_width=\u00a0\u00bbnone\u00a0\u00bb column_border_style=\u00a0\u00bbsolid\u00a0\u00bb gradient_type=\u00a0\u00bbdefault\u00a0\u00bb column_padding_type=\u00a0\u00bbdefault\u00a0\u00bb][split_line_heading animation_type=\u00a0\u00bbline-reveal-by-space\u00a0\u00bb font_style=\u00a0\u00bbh1&Prime; text_color=\u00a0\u00bb#FFFFFF\u00a0\u00bb line_reveal_by_space_text_effect=\u00a0\u00bbletter-reveal-bottom\u00a0\u00bb content_alignment=\u00a0\u00bbcenter\u00a0\u00bb mobile_content_alignment=\u00a0\u00bbcenter\u00a0\u00bb link_target=\u00a0\u00bb_self\u00a0\u00bb text_content=\u00a0\u00bbLunettes made in France\u00a0\u00bb font_size=\u00a0\u00bb6vw\u00a0\u00bb font_line_height=\u00a0\u00bb1,2&Prime; font_size_tablet=\u00a0\u00bb10vw\u00a0\u00bb text_direction=\u00a0\u00bbdefault\u00a0\u00bb][\/split_line_heading][nectar_cta btn_style=\u00a0\u00bbnext-section\u00a0\u00bb btn_type=\u00a0\u00bbminimal-arrow\u00a0\u00bb next_section_color=\u00a0\u00bb#FFFFFF\u00a0\u00bb alignment=\u00a0\u00bbcenter\u00a0\u00bb alignment_tablet=\u00a0\u00bbdefault\u00a0\u00bb alignment_phone=\u00a0\u00bbcenter\u00a0\u00bb display_tablet=\u00a0\u00bbinherit\u00a0\u00bb display_phone=\u00a0\u00bbinherit\u00a0\u00bb][\/vc_column_inner][\/vc_row_inner][\/vc_column][\/vc_row][vc_row type=\u00a0\u00bbin_container\u00a0\u00bb full_screen_row_position=\u00a0\u00bbmiddle\u00a0\u00bb column_margin=\u00a0\u00bbdefault\u00a0\u00bb column_direction=\u00a0\u00bbdefault\u00a0\u00bb column_direction_tablet=\u00a0\u00bbdefault\u00a0\u00bb column_direction_phone=\u00a0\u00bbdefault\u00a0\u00bb scene_position=\u00a0\u00bbcenter\u00a0\u00bb left_padding_desktop=\u00a0\u00bb4%\u00a0\u00bb constrain_group_2=\u00a0\u00bbyes\u00a0\u00bb right_padding_desktop=\u00a0\u00bb4%\u00a0\u00bb text_color=\u00a0\u00bbdark\u00a0\u00bb text_align=\u00a0\u00bbleft\u00a0\u00bb row_border_radius=\u00a0\u00bbnone\u00a0\u00bb row_border_radius_applies=\u00a0\u00bbbg\u00a0\u00bb overflow=\u00a0\u00bbvisible\u00a0\u00bb overlay_strength=\u00a0\u00bb0.3&Prime; gradient_direction=\u00a0\u00bbleft_to_right\u00a0\u00bb shape_divider_position=\u00a0\u00bbbottom\u00a0\u00bb bg_image_animation=\u00a0\u00bbnone\u00a0\u00bb gradient_type=\u00a0\u00bbdefault\u00a0\u00bb shape_type=\u00a0\u00bb\u00a0\u00bb][vc_column column_padding=\u00a0\u00bbpadding-5-percent\u00a0\u00bb column_padding_tablet=\u00a0\u00bbinherit\u00a0\u00bb column_padding_phone=\u00a0\u00bbpadding-3-percent\u00a0\u00bb column_padding_position=\u00a0\u00bbtop-bottom\u00a0\u00bb column_element_direction_desktop=\u00a0\u00bbdefault\u00a0\u00bb column_element_spacing=\u00a0\u00bbdefault\u00a0\u00bb desktop_text_alignment=\u00a0\u00bbdefault\u00a0\u00bb tablet_text_alignment=\u00a0\u00bbdefault\u00a0\u00bb phone_text_alignment=\u00a0\u00bbdefault\u00a0\u00bb background_color_opacity=\u00a0\u00bb1&Prime; background_hover_color_opacity=\u00a0\u00bb1&Prime; column_backdrop_filter=\u00a0\u00bbnone\u00a0\u00bb column_shadow=\u00a0\u00bbnone\u00a0\u00bb column_border_radius=\u00a0\u00bbnone\u00a0\u00bb column_link_target=\u00a0\u00bb_self\u00a0\u00bb column_position=\u00a0\u00bbdefault\u00a0\u00bb gradient_direction=\u00a0\u00bbleft_to_right\u00a0\u00bb overlay_strength=\u00a0\u00bb0.3&Prime; width=\u00a0\u00bb1\/1&Prime; tablet_width_inherit=\u00a0\u00bbdefault\u00a0\u00bb animation_type=\u00a0\u00bbdefault\u00a0\u00bb bg_image_animation=\u00a0\u00bbnone\u00a0\u00bb border_type=\u00a0\u00bbsimple\u00a0\u00bb column_border_width=\u00a0\u00bbnone\u00a0\u00bb column_border_style=\u00a0\u00bbsolid\u00a0\u00bb column_padding_type=\u00a0\u00bbdefault\u00a0\u00bb gradient_type=\u00a0\u00bbdefault\u00a0\u00bb][split_line_heading animation_type=\u00a0\u00bbline-reveal-by-space\u00a0\u00bb font_style=\u00a0\u00bbh2&Prime; text_color=\u00a0\u00bb#333333&Prime; line_reveal_by_space_text_effect=\u00a0\u00bbletter-reveal-bottom\u00a0\u00bb content_alignment=\u00a0\u00bbdefault\u00a0\u00bb mobile_content_alignment=\u00a0\u00bbinherit\u00a0\u00bb link_target=\u00a0\u00bb_self\u00a0\u00bb text_content=\u00a0\u00bbLunettes made in France : excellence, savoir-faire et engagement\u00a0\u00bb text_direction=\u00a0\u00bbdefault\u00a0\u00bb][\/split_line_heading][divider line_type=\u00a0\u00bbNo Line\u00a0\u00bb custom_height=\u00a0\u00bb50px\u00a0\u00bb][vc_column_text css=\u00a0\u00bb\u00a0\u00bb text_direction=\u00a0\u00bbdefault\u00a0\u00bb]Dans un march\u00e9 mondialis\u00e9 o\u00f9 la production se fait souvent \u00e0 l\u2019autre bout du monde, le <strong>made in France<\/strong> se distingue par son exigence, sa qualit\u00e9 et son ancrage territorial. Dans la lunetterie, il ne se r\u00e9sume pas \u00e0 une simple \u00e9tiquette : il repr\u00e9sente <strong>un engagement profond<\/strong>, nourri par des d\u00e9cennies d\u2019artisanat, de cr\u00e9ativit\u00e9 et de passion.<br \/>\nDes ateliers centenaires du Jura aux designers ind\u00e9pendants qui r\u00e9inventent la monture contemporaine, les lunettes fran\u00e7aises s\u00e9duisent par leur caract\u00e8re, leur finition et leur authenticit\u00e9. <strong>Porter une monture fabriqu\u00e9e en France<\/strong>, c\u2019est soutenir un savoir-faire unique, mais aussi affirmer une vision responsable et durable.[\/vc_column_text][divider line_type=\u00a0\u00bbNo Line\u00a0\u00bb custom_height=\u00a0\u00bb50px\u00a0\u00bb][split_line_heading animation_type=\u00a0\u00bbline-reveal-by-space\u00a0\u00bb font_style=\u00a0\u00bbh3&Prime; text_color=\u00a0\u00bb#333333&Prime; line_reveal_by_space_text_effect=\u00a0\u00bbnone\u00a0\u00bb content_alignment=\u00a0\u00bbdefault\u00a0\u00bb mobile_content_alignment=\u00a0\u00bbinherit\u00a0\u00bb link_target=\u00a0\u00bb_self\u00a0\u00bb text_content=\u00a0\u00bbH\u00e9ritage et tradition : les racines du savoir-faire fran\u00e7ais\u00a0\u00bb text_direction=\u00a0\u00bbdefault\u00a0\u00bb][\/split_line_heading][divider line_type=\u00a0\u00bbFull Width Line\u00a0\u00bb line_thickness=\u00a0\u00bb1&Prime; divider_color=\u00a0\u00bbaccent-color\u00a0\u00bb][divider line_type=\u00a0\u00bbNo Line\u00a0\u00bb custom_height=\u00a0\u00bb15px\u00a0\u00bb][vc_row_inner equal_height=\u00a0\u00bbyes\u00a0\u00bb content_placement=\u00a0\u00bbmiddle\u00a0\u00bb column_margin=\u00a0\u00bbdefault\u00a0\u00bb column_direction=\u00a0\u00bbdefault\u00a0\u00bb column_direction_tablet=\u00a0\u00bbdefault\u00a0\u00bb column_direction_phone=\u00a0\u00bbdefault\u00a0\u00bb text_align=\u00a0\u00bbleft\u00a0\u00bb row_position=\u00a0\u00bbdefault\u00a0\u00bb row_position_tablet=\u00a0\u00bbinherit\u00a0\u00bb row_position_phone=\u00a0\u00bbinherit\u00a0\u00bb overflow=\u00a0\u00bbvisible\u00a0\u00bb pointer_events=\u00a0\u00bball\u00a0\u00bb][vc_column_inner column_padding=\u00a0\u00bbno-extra-padding\u00a0\u00bb column_padding_tablet=\u00a0\u00bbinherit\u00a0\u00bb column_padding_phone=\u00a0\u00bbinherit\u00a0\u00bb column_padding_position=\u00a0\u00bball\u00a0\u00bb column_element_direction_desktop=\u00a0\u00bbdefault\u00a0\u00bb column_element_spacing=\u00a0\u00bbdefault\u00a0\u00bb desktop_text_alignment=\u00a0\u00bbdefault\u00a0\u00bb tablet_text_alignment=\u00a0\u00bbdefault\u00a0\u00bb phone_text_alignment=\u00a0\u00bbdefault\u00a0\u00bb background_color_opacity=\u00a0\u00bb1&Prime; background_hover_color_opacity=\u00a0\u00bb1&Prime; column_backdrop_filter=\u00a0\u00bbnone\u00a0\u00bb column_shadow=\u00a0\u00bbnone\u00a0\u00bb column_border_radius=\u00a0\u00bbnone\u00a0\u00bb column_link_target=\u00a0\u00bb_self\u00a0\u00bb overflow=\u00a0\u00bbvisible\u00a0\u00bb gradient_direction=\u00a0\u00bbleft_to_right\u00a0\u00bb overlay_strength=\u00a0\u00bb0.3&Prime; width=\u00a0\u00bb1\/2&Prime; tablet_width_inherit=\u00a0\u00bbdefault\u00a0\u00bb animation_type=\u00a0\u00bbdefault\u00a0\u00bb bg_image_animation=\u00a0\u00bbnone\u00a0\u00bb border_type=\u00a0\u00bbsimple\u00a0\u00bb column_border_width=\u00a0\u00bbnone\u00a0\u00bb column_border_style=\u00a0\u00bbsolid\u00a0\u00bb][vc_column_text css=\u00a0\u00bb\u00a0\u00bb text_direction=\u00a0\u00bbdefault\u00a0\u00bb]L\u2019histoire de la lunetterie made in France est indissociable du Haut-Jura, v\u00e9ritable matrice d\u2019un savoir-faire transmis depuis plus de 150 ans. D\u00e8s la fin du XIX\u1d49 si\u00e8cle, les habitants de la vall\u00e9e d\u00e9veloppent une expertise unique dans le travail de la corne, du m\u00e9tal puis, plus tard, de l\u2019ac\u00e9tate. \u00c0 Morez, Oyonnax ou Arbent, cet artisanat s\u2019est construit \u00e0 travers des ateliers familiaux, souvent install\u00e9s dans des fermes ou dans des pi\u00e8ces attenantes aux habitations, o\u00f9 les artisans travaillaient l\u2019hiver lorsque les activit\u00e9s agricoles ralentissaient.<\/p>\n<p>De cette \u00e9poque subsiste un rapport tr\u00e8s particulier \u00e0 la mati\u00e8re et au geste. Chaque pi\u00e8ce est travaill\u00e9e avec une minutie presque chor\u00e9graphique :<\/p>\n<ul>\n<li>d\u00e9coupe et calibrage de l\u2019ac\u00e9tate sur des gabarits m\u00e9talliques,<\/li>\n<li>chauffe et mise en forme subtile,<\/li>\n<li>polissage manuel pendant des heures pour obtenir une brillance profonde,<\/li>\n<li>ajustage millim\u00e9tr\u00e9 des plaquettes et des branches,<\/li>\n<li>ivets pos\u00e9s \u00e0 la main, geste embl\u00e9matique de la pr\u00e9cision jurassienne.<\/li>\n<\/ul>\n<p>Ces techniques, qui exigent une patience extr\u00eame, sont encore enseign\u00e9es aujourd\u2019hui dans les lyc\u00e9es professionnels sp\u00e9cialis\u00e9s et sont perp\u00e9tu\u00e9es par des artisans qui consid\u00e8rent la lunetterie non comme une industrie, mais comme un patrimoine vivant.[\/vc_column_text][\/vc_column_inner][vc_column_inner column_padding=\u00a0\u00bbno-extra-padding\u00a0\u00bb column_padding_tablet=\u00a0\u00bbinherit\u00a0\u00bb column_padding_phone=\u00a0\u00bbinherit\u00a0\u00bb column_padding_position=\u00a0\u00bball\u00a0\u00bb column_element_direction_desktop=\u00a0\u00bbdefault\u00a0\u00bb column_element_spacing=\u00a0\u00bbdefault\u00a0\u00bb desktop_text_alignment=\u00a0\u00bbdefault\u00a0\u00bb tablet_text_alignment=\u00a0\u00bbdefault\u00a0\u00bb phone_text_alignment=\u00a0\u00bbdefault\u00a0\u00bb background_color_opacity=\u00a0\u00bb1&Prime; background_hover_color_opacity=\u00a0\u00bb1&Prime; column_backdrop_filter=\u00a0\u00bbnone\u00a0\u00bb column_shadow=\u00a0\u00bbnone\u00a0\u00bb column_border_radius=\u00a0\u00bbnone\u00a0\u00bb column_link_target=\u00a0\u00bb_self\u00a0\u00bb overflow=\u00a0\u00bbvisible\u00a0\u00bb gradient_direction=\u00a0\u00bbleft_to_right\u00a0\u00bb overlay_strength=\u00a0\u00bb0.3&Prime; width=\u00a0\u00bb1\/2&Prime; tablet_width_inherit=\u00a0\u00bbdefault\u00a0\u00bb animation_type=\u00a0\u00bbdefault\u00a0\u00bb bg_image_animation=\u00a0\u00bbnone\u00a0\u00bb border_type=\u00a0\u00bbsimple\u00a0\u00bb column_border_width=\u00a0\u00bbnone\u00a0\u00bb column_border_style=\u00a0\u00bbsolid\u00a0\u00bb][image_with_animation image_url=\u00a0\u00bb1466&Prime; image_size=\u00a0\u00bbfull\u00a0\u00bb max_width=\u00a0\u00bb100%\u00a0\u00bb max_width_mobile=\u00a0\u00bbdefault\u00a0\u00bb animation_type=\u00a0\u00bbentrance\u00a0\u00bb animation=\u00a0\u00bbNone\u00a0\u00bb animation_movement_type=\u00a0\u00bbtransform_y\u00a0\u00bb hover_animation=\u00a0\u00bbnone\u00a0\u00bb alignment=\u00a0\u00bbcenter\u00a0\u00bb img_link_large=\u00a0\u00bbyes\u00a0\u00bb border_radius=\u00a0\u00bbnone\u00a0\u00bb box_shadow=\u00a0\u00bbnone\u00a0\u00bb image_loading=\u00a0\u00bbdefault\u00a0\u00bb][\/vc_column_inner][\/vc_row_inner][vc_column_text css=\u00a0\u00bb\u00a0\u00bb text_direction=\u00a0\u00bbdefault\u00a0\u00bb]Cet h\u00e9ritage n\u2019a pas seulement fa\u00e7onn\u00e9 une expertise technique : il a donn\u00e9 naissance \u00e0 une culture de l\u2019excellence, o\u00f9 l\u2019on consid\u00e8re que la qualit\u00e9 d\u2019une monture d\u00e9pend autant de la pr\u00e9cision du geste que de la compr\u00e9hension intime de la mati\u00e8re. C\u2019est cette philosophie qui fait encore aujourd\u2019hui la r\u00e9putation mondiale des lunettes fabriqu\u00e9es en France.[\/vc_column_text][divider line_type=\u00a0\u00bbNo Line\u00a0\u00bb custom_height=\u00a0\u00bb50px\u00a0\u00bb][split_line_heading animation_type=\u00a0\u00bbline-reveal-by-space\u00a0\u00bb font_style=\u00a0\u00bbh3&Prime; text_color=\u00a0\u00bb#333333&Prime; line_reveal_by_space_text_effect=\u00a0\u00bbnone\u00a0\u00bb content_alignment=\u00a0\u00bbdefault\u00a0\u00bb mobile_content_alignment=\u00a0\u00bbinherit\u00a0\u00bb link_target=\u00a0\u00bb_self\u00a0\u00bb text_content=\u00a0\u00bbLes r\u00e9gions phares du savoir-faire : un patrimoine vivant\u00a0\u00bb text_direction=\u00a0\u00bbdefault\u00a0\u00bb][\/split_line_heading][divider line_type=\u00a0\u00bbFull Width Line\u00a0\u00bb line_thickness=\u00a0\u00bb1&Prime; divider_color=\u00a0\u00bbaccent-color\u00a0\u00bb][divider line_type=\u00a0\u00bbNo Line\u00a0\u00bb custom_height=\u00a0\u00bb15px\u00a0\u00bb][vc_column_text css=\u00a0\u00bb\u00a0\u00bb text_direction=\u00a0\u00bbdefault\u00a0\u00bb]Contrairement \u00e0 d\u2019autres industries centralis\u00e9es, la lunetterie fran\u00e7aise s\u2019appuie sur plusieurs r\u00e9gions cl\u00e9s, chacune ayant sculpt\u00e9 une partie de l\u2019identit\u00e9 du made in France.[\/vc_column_text][vc_column_text css=\u00a0\u00bb\u00a0\u00bb text_direction=\u00a0\u00bbdefault\u00a0\u00bb]\n<ul>\n<li>\n<h4><strong>Le Haut-Jura : berceau historique et c\u0153ur battant<\/strong><\/h4>\n<\/li>\n<\/ul>\n<p>Morez, Oyonnax, Hauts-de-Bienne\u2026 c\u2019est ici que s\u2019est \u00e9crit l\u2019essentiel de l\u2019histoire luneti\u00e8re fran\u00e7aise. L\u2019ac\u00e9tate y est \u00e9tudi\u00e9, sculpt\u00e9, poli avec une minutie incomparable. Les ateliers y perp\u00e9tuent un art du d\u00e9tail que l\u2019on ressent d\u00e8s le premier contact avec la monture.<br \/>\nC\u2019est aussi dans cette r\u00e9gion que se trouvent certains des plus grands acteurs industriels et artisanaux de France, travaillant main dans la main avec de nombreux cr\u00e9ateurs contemporains.[\/vc_column_text][vc_column_text css=\u00a0\u00bb\u00a0\u00bb text_direction=\u00a0\u00bbdefault\u00a0\u00bb]\n<ul>\n<li>\n<h4><strong>La r\u00e9gion lyonnaise : cr\u00e9ateurs, ateliers et innovation<\/strong><\/h4>\n<\/li>\n<\/ul>\n<p>Autour de Lyon, une \u00e9nergie cr\u00e9ative singuli\u00e8re anime la lunetterie. Plusieurs studios de design, artisans et petites manufactures s\u2019y sont implant\u00e9s, port\u00e9s par une proximit\u00e9 avec les fili\u00e8res de la mode, du textile et du design.<br \/>\nLa r\u00e9gion est devenue un terrain fertile pour les maisons ind\u00e9pendantes qui souhaitent associer <strong>savoir-faire traditionnel et identit\u00e9 visuelle forte<\/strong>.[\/vc_column_text][vc_column_text css=\u00a0\u00bb\u00a0\u00bb text_direction=\u00a0\u00bbdefault\u00a0\u00bb]\n<ul>\n<li>\n<h4><strong>Le Sud-Ouest : le renouveau par les cr\u00e9ateurs<\/strong><\/h4>\n<\/li>\n<\/ul>\n<p>De Bordeaux \u00e0 Toulouse, une nouvelle g\u00e9n\u00e9ration de cr\u00e9ateurs et de micro-ateliers contribue au d\u00e9veloppement du made in France.<br \/>\nOn y trouve souvent des productions en petites s\u00e9ries, proches de l\u2019artisanat d\u2019art, o\u00f9 la monture devient un objet presque sculptural, travaill\u00e9e avec une grande libert\u00e9 esth\u00e9tique.[\/vc_column_text][vc_column_text css=\u00a0\u00bb\u00a0\u00bb text_direction=\u00a0\u00bbdefault\u00a0\u00bb]\n<ul>\n<li>\n<h4><strong>Paris et l\u2019\u00cele-de-France : le laboratoire du design fran\u00e7ais<\/strong><\/h4>\n<\/li>\n<\/ul>\n<p>Capitale du design et de la mode, Paris accueille plusieurs studios reconnus, o\u00f9 s\u2019imaginent certaines des collections fran\u00e7aises les plus embl\u00e9matiques.<br \/>\nM\u00eame si la production reste majoritairement jurassienne, c\u2019est \u00e0 Paris que naissent de nombreuses directions artistiques, des prototypes et des innovations stylistiques qui font rayonner la lunetterie fran\u00e7aise \u00e0 l\u2019international.[\/vc_column_text][vc_column_text css=\u00a0\u00bb\u00a0\u00bb text_direction=\u00a0\u00bbdefault\u00a0\u00bb]Ensemble, ces r\u00e9gions forment une cartographie du savoir-faire, o\u00f9 chaque territoire apporte sa pierre \u00e0 l\u2019\u00e9difice. Le made in France n\u2019est pas un mod\u00e8le fig\u00e9 : c\u2019est un \u00e9cosyst\u00e8me vivant, riche et multiple.[\/vc_column_text][divider line_type=\u00a0\u00bbNo Line\u00a0\u00bb custom_height=\u00a0\u00bb15px\u00a0\u00bb][image_with_animation image_url=\u00a0\u00bb1470&Prime; image_size=\u00a0\u00bbfull\u00a0\u00bb max_width=\u00a0\u00bb100%\u00a0\u00bb max_width_mobile=\u00a0\u00bbdefault\u00a0\u00bb animation_type=\u00a0\u00bbentrance\u00a0\u00bb animation=\u00a0\u00bbNone\u00a0\u00bb animation_movement_type=\u00a0\u00bbtransform_y\u00a0\u00bb hover_animation=\u00a0\u00bbnone\u00a0\u00bb alignment=\u00a0\u00bbcenter\u00a0\u00bb img_link_large=\u00a0\u00bbyes\u00a0\u00bb border_radius=\u00a0\u00bbnone\u00a0\u00bb box_shadow=\u00a0\u00bbnone\u00a0\u00bb image_loading=\u00a0\u00bbdefault\u00a0\u00bb][divider line_type=\u00a0\u00bbNo Line\u00a0\u00bb custom_height=\u00a0\u00bb50px\u00a0\u00bb][split_line_heading animation_type=\u00a0\u00bbline-reveal-by-space\u00a0\u00bb font_style=\u00a0\u00bbh3&Prime; text_color=\u00a0\u00bb#333333&Prime; line_reveal_by_space_text_effect=\u00a0\u00bbnone\u00a0\u00bb content_alignment=\u00a0\u00bbdefault\u00a0\u00bb mobile_content_alignment=\u00a0\u00bbinherit\u00a0\u00bb link_target=\u00a0\u00bb_self\u00a0\u00bb text_content=\u00a0\u00bbDesign et innovation : la signature fran\u00e7aise\u00a0\u00bb text_direction=\u00a0\u00bbdefault\u00a0\u00bb][\/split_line_heading][divider line_type=\u00a0\u00bbFull Width Line\u00a0\u00bb line_thickness=\u00a0\u00bb1&Prime; divider_color=\u00a0\u00bbaccent-color\u00a0\u00bb][divider line_type=\u00a0\u00bbNo Line\u00a0\u00bb custom_height=\u00a0\u00bb15px\u00a0\u00bb][vc_row_inner equal_height=\u00a0\u00bbyes\u00a0\u00bb content_placement=\u00a0\u00bbmiddle\u00a0\u00bb column_margin=\u00a0\u00bbdefault\u00a0\u00bb column_direction=\u00a0\u00bbdefault\u00a0\u00bb column_direction_tablet=\u00a0\u00bbdefault\u00a0\u00bb column_direction_phone=\u00a0\u00bbdefault\u00a0\u00bb text_align=\u00a0\u00bbleft\u00a0\u00bb row_position=\u00a0\u00bbdefault\u00a0\u00bb row_position_tablet=\u00a0\u00bbinherit\u00a0\u00bb row_position_phone=\u00a0\u00bbinherit\u00a0\u00bb overflow=\u00a0\u00bbvisible\u00a0\u00bb pointer_events=\u00a0\u00bball\u00a0\u00bb][vc_column_inner column_padding=\u00a0\u00bbno-extra-padding\u00a0\u00bb column_padding_tablet=\u00a0\u00bbinherit\u00a0\u00bb column_padding_phone=\u00a0\u00bbinherit\u00a0\u00bb column_padding_position=\u00a0\u00bball\u00a0\u00bb column_element_direction_desktop=\u00a0\u00bbdefault\u00a0\u00bb column_element_spacing=\u00a0\u00bbdefault\u00a0\u00bb desktop_text_alignment=\u00a0\u00bbdefault\u00a0\u00bb tablet_text_alignment=\u00a0\u00bbdefault\u00a0\u00bb phone_text_alignment=\u00a0\u00bbdefault\u00a0\u00bb background_color_opacity=\u00a0\u00bb1&Prime; background_hover_color_opacity=\u00a0\u00bb1&Prime; column_backdrop_filter=\u00a0\u00bbnone\u00a0\u00bb column_shadow=\u00a0\u00bbnone\u00a0\u00bb column_border_radius=\u00a0\u00bbnone\u00a0\u00bb column_link_target=\u00a0\u00bb_self\u00a0\u00bb overflow=\u00a0\u00bbvisible\u00a0\u00bb gradient_direction=\u00a0\u00bbleft_to_right\u00a0\u00bb overlay_strength=\u00a0\u00bb0.3&Prime; width=\u00a0\u00bb1\/2&Prime; tablet_width_inherit=\u00a0\u00bbdefault\u00a0\u00bb animation_type=\u00a0\u00bbdefault\u00a0\u00bb bg_image_animation=\u00a0\u00bbnone\u00a0\u00bb border_type=\u00a0\u00bbsimple\u00a0\u00bb column_border_width=\u00a0\u00bbnone\u00a0\u00bb column_border_style=\u00a0\u00bbsolid\u00a0\u00bb][vc_column_text css=\u00a0\u00bb\u00a0\u00bb text_direction=\u00a0\u00bbdefault\u00a0\u00bb]Le made in France ne se r\u00e9duit pas \u00e0 une tradition : il constitue aussi l\u2019un des moteurs cr\u00e9atifs les plus influents de la lunetterie contemporaine. Loin des standards g\u00e9n\u00e9riques qui uniformisent le march\u00e9, les cr\u00e9ateurs fran\u00e7ais d\u00e9fendent une vision o\u00f9 la monture devient un objet d\u2019expression, un territoire de jeu artistique et d\u2019exp\u00e9rimentation.<\/p>\n<p>Le design fran\u00e7ais se caract\u00e9rise par :<\/p>\n<ul>\n<li><strong>un sens aigu des proportions<\/strong>, h\u00e9rit\u00e9 de l\u2019architecture et du design industriel,<\/li>\n<li><strong>des palettes chromatiques recherch\u00e9es<\/strong>, allant des transparences min\u00e9rales aux teintes profondes inspir\u00e9es de l\u2019art et de la mode,<\/li>\n<li><strong>un travail des \u00e9paisseurs<\/strong>, tr\u00e8s identifiable dans la lunetterie fran\u00e7aise moderne,<\/li>\n<li><strong>des silhouettes sculpturales<\/strong> qui conjuguent confort et esth\u00e9tique,<\/li>\n<li><strong>un refus de la surench\u00e8re<\/strong>, au profit d\u2019une \u00e9l\u00e9gance claire, lisible et intemporelle.<\/li>\n<\/ul>\n<p>Les grandes maisons fran\u00e7aises comme Anne &amp; Valentin, Lafont, Traction Productions, LPLR, Face \u00e0 Face, ou encore des cr\u00e9ateurs comme Pierre Cariven, Lucas de Sta\u00ebl, Aude Herouard et tant d\u2019autres, ont contribu\u00e9 \u00e0 imposer un style qui inspire aujourd\u2019hui les designers du monde entier.[\/vc_column_text][\/vc_column_inner][vc_column_inner column_padding=\u00a0\u00bbno-extra-padding\u00a0\u00bb column_padding_tablet=\u00a0\u00bbinherit\u00a0\u00bb column_padding_phone=\u00a0\u00bbinherit\u00a0\u00bb column_padding_position=\u00a0\u00bball\u00a0\u00bb column_element_direction_desktop=\u00a0\u00bbdefault\u00a0\u00bb column_element_spacing=\u00a0\u00bbdefault\u00a0\u00bb desktop_text_alignment=\u00a0\u00bbdefault\u00a0\u00bb tablet_text_alignment=\u00a0\u00bbdefault\u00a0\u00bb phone_text_alignment=\u00a0\u00bbdefault\u00a0\u00bb background_color_opacity=\u00a0\u00bb1&Prime; background_hover_color_opacity=\u00a0\u00bb1&Prime; column_backdrop_filter=\u00a0\u00bbnone\u00a0\u00bb column_shadow=\u00a0\u00bbnone\u00a0\u00bb column_border_radius=\u00a0\u00bbnone\u00a0\u00bb column_link_target=\u00a0\u00bb_self\u00a0\u00bb overflow=\u00a0\u00bbvisible\u00a0\u00bb gradient_direction=\u00a0\u00bbleft_to_right\u00a0\u00bb overlay_strength=\u00a0\u00bb0.3&Prime; width=\u00a0\u00bb1\/2&Prime; tablet_width_inherit=\u00a0\u00bbdefault\u00a0\u00bb animation_type=\u00a0\u00bbdefault\u00a0\u00bb bg_image_animation=\u00a0\u00bbnone\u00a0\u00bb border_type=\u00a0\u00bbsimple\u00a0\u00bb column_border_width=\u00a0\u00bbnone\u00a0\u00bb column_border_style=\u00a0\u00bbsolid\u00a0\u00bb][image_with_animation image_url=\u00a0\u00bb1468&Prime; image_size=\u00a0\u00bbfull\u00a0\u00bb max_width=\u00a0\u00bb100%\u00a0\u00bb max_width_mobile=\u00a0\u00bbdefault\u00a0\u00bb animation_type=\u00a0\u00bbentrance\u00a0\u00bb animation=\u00a0\u00bbNone\u00a0\u00bb animation_movement_type=\u00a0\u00bbtransform_y\u00a0\u00bb hover_animation=\u00a0\u00bbnone\u00a0\u00bb alignment=\u00a0\u00bbcenter\u00a0\u00bb img_link_large=\u00a0\u00bbyes\u00a0\u00bb border_radius=\u00a0\u00bbnone\u00a0\u00bb box_shadow=\u00a0\u00bbnone\u00a0\u00bb image_loading=\u00a0\u00bbdefault\u00a0\u00bb][\/vc_column_inner][\/vc_row_inner][vc_column_text css=\u00a0\u00bb\u00a0\u00bb text_direction=\u00a0\u00bbdefault\u00a0\u00bb]L\u2019innovation n\u2019est pas en reste : France se distingue par sa capacit\u00e9 \u00e0 combiner mat\u00e9riaux pionniers (bio-ac\u00e9tates, titane japonais, fibre de carbone fran\u00e7aise\u2026), techniques d\u2019assemblage complexes, et recherche d\u2019ergonomie avanc\u00e9e. Le tout sans jamais sacrifier l\u2019identit\u00e9 esth\u00e9tique.<br \/>\n<strong>Le design fran\u00e7ais, c\u2019est donc la rencontre entre la libert\u00e9 cr\u00e9ative, la rigueur du geste et une modernit\u00e9 assum\u00e9e, au service du plaisir de porter.<\/strong>[\/vc_column_text][divider line_type=\u00a0\u00bbNo Line\u00a0\u00bb custom_height=\u00a0\u00bb50px\u00a0\u00bb][split_line_heading animation_type=\u00a0\u00bbline-reveal-by-space\u00a0\u00bb font_style=\u00a0\u00bbh3&Prime; text_color=\u00a0\u00bb#333333&Prime; line_reveal_by_space_text_effect=\u00a0\u00bbnone\u00a0\u00bb content_alignment=\u00a0\u00bbdefault\u00a0\u00bb mobile_content_alignment=\u00a0\u00bbinherit\u00a0\u00bb link_target=\u00a0\u00bb_self\u00a0\u00bb text_content=\u00a0\u00bb\u00c9thique, durabilit\u00e9 et tra\u00e7abilit\u00e9 : les nouveaux enjeux du made in France\u00a0\u00bb text_direction=\u00a0\u00bbdefault\u00a0\u00bb][\/split_line_heading][divider line_type=\u00a0\u00bbFull Width Line\u00a0\u00bb line_thickness=\u00a0\u00bb1&Prime; divider_color=\u00a0\u00bbaccent-color\u00a0\u00bb][divider line_type=\u00a0\u00bbNo Line\u00a0\u00bb custom_height=\u00a0\u00bb15px\u00a0\u00bb][vc_row_inner equal_height=\u00a0\u00bbyes\u00a0\u00bb content_placement=\u00a0\u00bbmiddle\u00a0\u00bb column_margin=\u00a0\u00bbdefault\u00a0\u00bb column_direction=\u00a0\u00bbdefault\u00a0\u00bb column_direction_tablet=\u00a0\u00bbdefault\u00a0\u00bb column_direction_phone=\u00a0\u00bbdefault\u00a0\u00bb text_align=\u00a0\u00bbleft\u00a0\u00bb row_position=\u00a0\u00bbdefault\u00a0\u00bb row_position_tablet=\u00a0\u00bbinherit\u00a0\u00bb row_position_phone=\u00a0\u00bbinherit\u00a0\u00bb overflow=\u00a0\u00bbvisible\u00a0\u00bb pointer_events=\u00a0\u00bball\u00a0\u00bb][vc_column_inner column_padding=\u00a0\u00bbno-extra-padding\u00a0\u00bb column_padding_tablet=\u00a0\u00bbinherit\u00a0\u00bb column_padding_phone=\u00a0\u00bbinherit\u00a0\u00bb column_padding_position=\u00a0\u00bball\u00a0\u00bb column_element_direction_desktop=\u00a0\u00bbdefault\u00a0\u00bb column_element_spacing=\u00a0\u00bbdefault\u00a0\u00bb desktop_text_alignment=\u00a0\u00bbdefault\u00a0\u00bb tablet_text_alignment=\u00a0\u00bbdefault\u00a0\u00bb phone_text_alignment=\u00a0\u00bbdefault\u00a0\u00bb background_color_opacity=\u00a0\u00bb1&Prime; background_hover_color_opacity=\u00a0\u00bb1&Prime; column_backdrop_filter=\u00a0\u00bbnone\u00a0\u00bb column_shadow=\u00a0\u00bbnone\u00a0\u00bb column_border_radius=\u00a0\u00bbnone\u00a0\u00bb column_link_target=\u00a0\u00bb_self\u00a0\u00bb overflow=\u00a0\u00bbvisible\u00a0\u00bb gradient_direction=\u00a0\u00bbleft_to_right\u00a0\u00bb overlay_strength=\u00a0\u00bb0.3&Prime; width=\u00a0\u00bb1\/2&Prime; tablet_width_inherit=\u00a0\u00bbdefault\u00a0\u00bb animation_type=\u00a0\u00bbdefault\u00a0\u00bb bg_image_animation=\u00a0\u00bbnone\u00a0\u00bb border_type=\u00a0\u00bbsimple\u00a0\u00bb column_border_width=\u00a0\u00bbnone\u00a0\u00bb column_border_style=\u00a0\u00bbsolid\u00a0\u00bb][vc_column_text css=\u00a0\u00bb\u00a0\u00bb text_direction=\u00a0\u00bbdefault\u00a0\u00bb]Si le made in France s\u00e9duit aujourd\u2019hui, c\u2019est aussi parce qu\u2019il r\u00e9pond \u00e0 une attente forte des consommateurs : savoir d\u2019o\u00f9 viennent leurs lunettes et comment elles sont fabriqu\u00e9es. Les ateliers fran\u00e7ais s\u2019engagent ainsi dans une d\u00e9marche claire, m\u00ealant <strong>transparence, responsabilit\u00e9 et respect du mat\u00e9riau<\/strong>.<br \/>\nLa tra\u00e7abilit\u00e9 y occupe une place centrale : provenance des ac\u00e9tates, usinage local, montage en atelier et contr\u00f4le qualit\u00e9 sur place. Cette coh\u00e9rence renforce la confiance et garantit une v\u00e9ritable fabrication fran\u00e7aise \u2014 loin des simples assemblages r\u00e9alis\u00e9s \u00e0 l\u2019\u00e9tranger.<\/p>\n<p><strong>Le made in France s\u2019inscrit \u00e9galement dans une r\u00e9flexion durable<\/strong> : recours aux bio-ac\u00e9tates, circuits courts, productions en petites s\u00e9ries et r\u00e9duction des d\u00e9chets. Sans effet d\u2019annonce, les fabricants fran\u00e7ais privil\u00e9gient un mod\u00e8le raisonn\u00e9, fond\u00e9 sur la qualit\u00e9 plut\u00f4t que sur la quantit\u00e9.<br \/>\nPlus qu\u2019un argument commercial, cette d\u00e9marche traduit une volont\u00e9 : proposer des montures qui durent, respectent leur environnement et valorisent le travail humain.[\/vc_column_text][\/vc_column_inner][vc_column_inner column_padding=\u00a0\u00bbno-extra-padding\u00a0\u00bb column_padding_tablet=\u00a0\u00bbinherit\u00a0\u00bb column_padding_phone=\u00a0\u00bbinherit\u00a0\u00bb column_padding_position=\u00a0\u00bball\u00a0\u00bb column_element_direction_desktop=\u00a0\u00bbdefault\u00a0\u00bb column_element_spacing=\u00a0\u00bbdefault\u00a0\u00bb desktop_text_alignment=\u00a0\u00bbdefault\u00a0\u00bb tablet_text_alignment=\u00a0\u00bbdefault\u00a0\u00bb phone_text_alignment=\u00a0\u00bbdefault\u00a0\u00bb background_color_opacity=\u00a0\u00bb1&Prime; background_hover_color_opacity=\u00a0\u00bb1&Prime; column_backdrop_filter=\u00a0\u00bbnone\u00a0\u00bb column_shadow=\u00a0\u00bbnone\u00a0\u00bb column_border_radius=\u00a0\u00bbnone\u00a0\u00bb column_link_target=\u00a0\u00bb_self\u00a0\u00bb overflow=\u00a0\u00bbvisible\u00a0\u00bb gradient_direction=\u00a0\u00bbleft_to_right\u00a0\u00bb overlay_strength=\u00a0\u00bb0.3&Prime; width=\u00a0\u00bb1\/2&Prime; tablet_width_inherit=\u00a0\u00bbdefault\u00a0\u00bb animation_type=\u00a0\u00bbdefault\u00a0\u00bb bg_image_animation=\u00a0\u00bbnone\u00a0\u00bb border_type=\u00a0\u00bbsimple\u00a0\u00bb column_border_width=\u00a0\u00bbnone\u00a0\u00bb column_border_style=\u00a0\u00bbsolid\u00a0\u00bb][image_with_animation image_url=\u00a0\u00bb1469&Prime; image_size=\u00a0\u00bbfull\u00a0\u00bb max_width=\u00a0\u00bb100%\u00a0\u00bb max_width_mobile=\u00a0\u00bbdefault\u00a0\u00bb animation_type=\u00a0\u00bbentrance\u00a0\u00bb animation=\u00a0\u00bbNone\u00a0\u00bb animation_movement_type=\u00a0\u00bbtransform_y\u00a0\u00bb hover_animation=\u00a0\u00bbnone\u00a0\u00bb alignment=\u00a0\u00bbcenter\u00a0\u00bb img_link_large=\u00a0\u00bbyes\u00a0\u00bb border_radius=\u00a0\u00bbnone\u00a0\u00bb box_shadow=\u00a0\u00bbnone\u00a0\u00bb image_loading=\u00a0\u00bbdefault\u00a0\u00bb][\/vc_column_inner][\/vc_row_inner][divider line_type=\u00a0\u00bbNo Line\u00a0\u00bb custom_height=\u00a0\u00bb50px\u00a0\u00bb][split_line_heading animation_type=\u00a0\u00bbline-reveal-by-space\u00a0\u00bb font_style=\u00a0\u00bbh3&Prime; text_color=\u00a0\u00bb#333333&Prime; line_reveal_by_space_text_effect=\u00a0\u00bbnone\u00a0\u00bb content_alignment=\u00a0\u00bbdefault\u00a0\u00bb mobile_content_alignment=\u00a0\u00bbinherit\u00a0\u00bb link_target=\u00a0\u00bb_self\u00a0\u00bb text_content=\u00a0\u00bbEn r\u00e9sum\u00e9\u00a0\u00bb text_direction=\u00a0\u00bbdefault\u00a0\u00bb][\/split_line_heading][divider line_type=\u00a0\u00bbFull Width Line\u00a0\u00bb line_thickness=\u00a0\u00bb1&Prime; divider_color=\u00a0\u00bbaccent-color\u00a0\u00bb][divider line_type=\u00a0\u00bbNo Line\u00a0\u00bb custom_height=\u00a0\u00bb15px\u00a0\u00bb][vc_column_text css=\u00a0\u00bb\u00a0\u00bb text_direction=\u00a0\u00bbdefault\u00a0\u00bb]<strong>Choisir des lunettes made in France<\/strong>, c\u2019est faire le choix de l\u2019exigence, de la cr\u00e9ativit\u00e9 et de la responsabilit\u00e9. C\u2019est soutenir des artisans, des ateliers, des territoires, et une tradition qui traverse les g\u00e9n\u00e9rations tout en s\u2019ouvrant aux techniques les plus modernes.<br \/>\nC\u2019est aussi porter une monture qui raconte une histoire : celle d\u2019un pays o\u00f9 le geste compte, o\u00f9 la mati\u00e8re est respect\u00e9e et o\u00f9 la beaut\u00e9 se construit avec patience.<br \/>\nDans une \u00e9poque o\u00f9 tout va vite, les lunettes fran\u00e7aises rappellent une v\u00e9rit\u00e9 simple : <strong>le vrai luxe, c\u2019est ce qui est fait avec le temps, le c\u0153ur et la main<\/strong>.[\/vc_column_text][\/vc_column][\/vc_row]\n","protected":false},"excerpt":{"rendered":"<p>Entre h\u00e9ritage jurassien, cr\u00e9ativit\u00e9 contemporaine et engagement durable, les lunettes made in France incarnent l\u2019\u00e9l\u00e9gance authentique et le savoir-faire artisanal qui font rayonner la lunetterie fran\u00e7aise.<\/p>\n","protected":false},"author":3,"featured_media":1460,"comment_status":"closed","ping_status":"closed","sticky":false,"template":"","format":"standard","meta":{"footnotes":""},"categories":[1],"tags":[55,56,50,54,57],"class_list":{"0":"post-1459","1":"post","2":"type-post","3":"status-publish","4":"format-standard","5":"has-post-thumbnail","7":"category-lunettes","8":"tag-artisanat","9":"tag-fabrication","10":"tag-lunettes","11":"tag-made-in-france","12":"tag-savoir-faire"},"yoast_head":"<!-- This site is optimized with the Yoast SEO plugin v27.0 - https:\/\/yoast.com\/product\/yoast-seo-wordpress\/ -->\n<title>Lunettes made in France : savoir-faire, r\u00e9gions et artisans | Archimbaud Opticien Blog<\/title>\n<meta name=\"description\" content=\"D\u00e9couvrez l\u2019excellence des lunettes made in France : savoir-faire du Jura, cr\u00e9ations modernes, ateliers r\u00e9gionaux et artisanat durable au c\u0153ur de la lunetterie fran\u00e7aise.\" \/>\n<meta name=\"robots\" content=\"index, follow, max-snippet:-1, max-image-preview:large, max-video-preview:-1\" \/>\n<link rel=\"canonical\" href=\"https:\/\/www.archimbaudopticien.com\/blog\/lunettes\/lunettes-made-in-france\" \/>\n<meta property=\"og:locale\" content=\"fr_FR\" \/>\n<meta property=\"og:type\" content=\"article\" \/>\n<meta property=\"og:title\" content=\"Lunettes made in France : savoir-faire, r\u00e9gions et artisans | Archimbaud Opticien Blog\" \/>\n<meta property=\"og:description\" content=\"D\u00e9couvrez l\u2019excellence des lunettes made in France : savoir-faire du Jura, cr\u00e9ations modernes, ateliers r\u00e9gionaux et artisanat durable au c\u0153ur de la lunetterie fran\u00e7aise.\" \/>\n<meta property=\"og:url\" content=\"https:\/\/www.archimbaudopticien.com\/blog\/lunettes\/lunettes-made-in-france\" \/>\n<meta property=\"og:site_name\" content=\"Archimbaud Opticien Blog\" \/>\n<meta property=\"article:publisher\" content=\"https:\/\/www.facebook.com\/archimbaudopticien\" \/>\n<meta property=\"article:published_time\" content=\"2025-11-13T17:19:02+00:00\" \/>\n<meta property=\"article:modified_time\" content=\"2025-11-14T10:27:41+00:00\" \/>\n<meta property=\"og:image\" content=\"https:\/\/www.archimbaudopticien.com\/blog\/wp-content\/uploads\/2025\/11\/lunettes-made-in-france-archimbaud-opticien.jpg\" \/>\n\t<meta property=\"og:image:width\" content=\"1800\" \/>\n\t<meta property=\"og:image:height\" content=\"1018\" \/>\n\t<meta property=\"og:image:type\" content=\"image\/jpeg\" \/>\n<meta name=\"author\" content=\"Dominique\" \/>\n<meta name=\"twitter:card\" content=\"summary_large_image\" \/>\n<meta name=\"twitter:label1\" content=\"\u00c9crit par\" \/>\n\t<meta name=\"twitter:data1\" content=\"Dominique\" \/>\n\t<meta name=\"twitter:label2\" content=\"Dur\u00e9e de lecture estim\u00e9e\" \/>\n\t<meta name=\"twitter:data2\" content=\"10 minutes\" \/>\n<script type=\"application\/ld+json\" class=\"yoast-schema-graph\">{\"@context\":\"https:\/\/schema.org\",\"@graph\":[{\"@type\":\"Article\",\"@id\":\"https:\/\/www.archimbaudopticien.com\/blog\/lunettes\/lunettes-made-in-france#article\",\"isPartOf\":{\"@id\":\"https:\/\/www.archimbaudopticien.com\/blog\/lunettes\/lunettes-made-in-france\"},\"author\":{\"name\":\"Dominique\",\"@id\":\"https:\/\/www.archimbaudopticien.com\/blog\/#\/schema\/person\/99b42cc6c97675964638728229b4a8d0\"},\"headline\":\"Lunettes made in France\",\"datePublished\":\"2025-11-13T17:19:02+00:00\",\"dateModified\":\"2025-11-14T10:27:41+00:00\",\"mainEntityOfPage\":{\"@id\":\"https:\/\/www.archimbaudopticien.com\/blog\/lunettes\/lunettes-made-in-france\"},\"wordCount\":3378,\"publisher\":{\"@id\":\"https:\/\/www.archimbaudopticien.com\/blog\/#organization\"},\"image\":{\"@id\":\"https:\/\/www.archimbaudopticien.com\/blog\/lunettes\/lunettes-made-in-france#primaryimage\"},\"thumbnailUrl\":\"https:\/\/www.archimbaudopticien.com\/blog\/wp-content\/uploads\/2025\/11\/lunettes-made-in-france-archimbaud-opticien.jpg\",\"keywords\":[\"Artisanat\",\"Fabrication\",\"Lunettes\",\"Made in France\",\"Savoir-Faire\"],\"articleSection\":[\"Lunettes\"],\"inLanguage\":\"fr-FR\"},{\"@type\":\"WebPage\",\"@id\":\"https:\/\/www.archimbaudopticien.com\/blog\/lunettes\/lunettes-made-in-france\",\"url\":\"https:\/\/www.archimbaudopticien.com\/blog\/lunettes\/lunettes-made-in-france\",\"name\":\"Lunettes made in France : savoir-faire, r\u00e9gions et artisans | Archimbaud Opticien Blog\",\"isPartOf\":{\"@id\":\"https:\/\/www.archimbaudopticien.com\/blog\/#website\"},\"primaryImageOfPage\":{\"@id\":\"https:\/\/www.archimbaudopticien.com\/blog\/lunettes\/lunettes-made-in-france#primaryimage\"},\"image\":{\"@id\":\"https:\/\/www.archimbaudopticien.com\/blog\/lunettes\/lunettes-made-in-france#primaryimage\"},\"thumbnailUrl\":\"https:\/\/www.archimbaudopticien.com\/blog\/wp-content\/uploads\/2025\/11\/lunettes-made-in-france-archimbaud-opticien.jpg\",\"datePublished\":\"2025-11-13T17:19:02+00:00\",\"dateModified\":\"2025-11-14T10:27:41+00:00\",\"description\":\"D\u00e9couvrez l\u2019excellence des lunettes made in France : savoir-faire du Jura, cr\u00e9ations modernes, ateliers r\u00e9gionaux et artisanat durable au c\u0153ur de la lunetterie fran\u00e7aise.\",\"breadcrumb\":{\"@id\":\"https:\/\/www.archimbaudopticien.com\/blog\/lunettes\/lunettes-made-in-france#breadcrumb\"},\"inLanguage\":\"fr-FR\",\"potentialAction\":[{\"@type\":\"ReadAction\",\"target\":[\"https:\/\/www.archimbaudopticien.com\/blog\/lunettes\/lunettes-made-in-france\"]}]},{\"@type\":\"ImageObject\",\"inLanguage\":\"fr-FR\",\"@id\":\"https:\/\/www.archimbaudopticien.com\/blog\/lunettes\/lunettes-made-in-france#primaryimage\",\"url\":\"https:\/\/www.archimbaudopticien.com\/blog\/wp-content\/uploads\/2025\/11\/lunettes-made-in-france-archimbaud-opticien.jpg\",\"contentUrl\":\"https:\/\/www.archimbaudopticien.com\/blog\/wp-content\/uploads\/2025\/11\/lunettes-made-in-france-archimbaud-opticien.jpg\",\"width\":1800,\"height\":1018},{\"@type\":\"BreadcrumbList\",\"@id\":\"https:\/\/www.archimbaudopticien.com\/blog\/lunettes\/lunettes-made-in-france#breadcrumb\",\"itemListElement\":[{\"@type\":\"ListItem\",\"position\":1,\"name\":\"Accueil\",\"item\":\"https:\/\/www.archimbaudopticien.com\/blog\/\"},{\"@type\":\"ListItem\",\"position\":2,\"name\":\"Lunettes made in France\"}]},{\"@type\":\"WebSite\",\"@id\":\"https:\/\/www.archimbaudopticien.com\/blog\/#website\",\"url\":\"https:\/\/www.archimbaudopticien.com\/blog\/\",\"name\":\"Archimbaud Opticien\",\"description\":\"\",\"publisher\":{\"@id\":\"https:\/\/www.archimbaudopticien.com\/blog\/#organization\"},\"potentialAction\":[{\"@type\":\"SearchAction\",\"target\":{\"@type\":\"EntryPoint\",\"urlTemplate\":\"https:\/\/www.archimbaudopticien.com\/blog\/?s={search_term_string}\"},\"query-input\":{\"@type\":\"PropertyValueSpecification\",\"valueRequired\":true,\"valueName\":\"search_term_string\"}}],\"inLanguage\":\"fr-FR\"},{\"@type\":\"Organization\",\"@id\":\"https:\/\/www.archimbaudopticien.com\/blog\/#organization\",\"name\":\"Blog d'Archimbaud Opticien\",\"url\":\"https:\/\/www.archimbaudopticien.com\/blog\/\",\"logo\":{\"@type\":\"ImageObject\",\"inLanguage\":\"fr-FR\",\"@id\":\"https:\/\/www.archimbaudopticien.com\/blog\/#\/schema\/logo\/image\/\",\"url\":\"https:\/\/www.archimbaudopticien.com\/blog\/wp-content\/uploads\/2025\/09\/Logo-Noir-transparent-scaled.png\",\"contentUrl\":\"https:\/\/www.archimbaudopticien.com\/blog\/wp-content\/uploads\/2025\/09\/Logo-Noir-transparent-scaled.png\",\"width\":2560,\"height\":1979,\"caption\":\"Blog d'Archimbaud Opticien\"},\"image\":{\"@id\":\"https:\/\/www.archimbaudopticien.com\/blog\/#\/schema\/logo\/image\/\"},\"sameAs\":[\"https:\/\/www.facebook.com\/archimbaudopticien\",\"https:\/\/www.instagram.com\/archimbaudopticien\/\"]},{\"@type\":\"Person\",\"@id\":\"https:\/\/www.archimbaudopticien.com\/blog\/#\/schema\/person\/99b42cc6c97675964638728229b4a8d0\",\"name\":\"Dominique\",\"image\":{\"@type\":\"ImageObject\",\"inLanguage\":\"fr-FR\",\"@id\":\"https:\/\/www.archimbaudopticien.com\/blog\/#\/schema\/person\/image\/\",\"url\":\"https:\/\/secure.gravatar.com\/avatar\/7a9fdaa140318010833413ca2caac72e865e73327cd70955c97de10ce0a27972?s=96&d=mm&r=g\",\"contentUrl\":\"https:\/\/secure.gravatar.com\/avatar\/7a9fdaa140318010833413ca2caac72e865e73327cd70955c97de10ce0a27972?s=96&d=mm&r=g\",\"caption\":\"Dominique\"},\"url\":\"https:\/\/www.archimbaudopticien.com\/blog\/author\/communilink\"}]}<\/script>\n<!-- \/ Yoast SEO plugin. -->","yoast_head_json":{"title":"Lunettes made in France : savoir-faire, r\u00e9gions et artisans | Archimbaud Opticien Blog","description":"D\u00e9couvrez l\u2019excellence des lunettes made in France : savoir-faire du Jura, cr\u00e9ations modernes, ateliers r\u00e9gionaux et artisanat durable au c\u0153ur de la lunetterie fran\u00e7aise.","robots":{"index":"index","follow":"follow","max-snippet":"max-snippet:-1","max-image-preview":"max-image-preview:large","max-video-preview":"max-video-preview:-1"},"canonical":"https:\/\/www.archimbaudopticien.com\/blog\/lunettes\/lunettes-made-in-france","og_locale":"fr_FR","og_type":"article","og_title":"Lunettes made in France : savoir-faire, r\u00e9gions et artisans | Archimbaud Opticien Blog","og_description":"D\u00e9couvrez l\u2019excellence des lunettes made in France : savoir-faire du Jura, cr\u00e9ations modernes, ateliers r\u00e9gionaux et artisanat durable au c\u0153ur de la lunetterie fran\u00e7aise.","og_url":"https:\/\/www.archimbaudopticien.com\/blog\/lunettes\/lunettes-made-in-france","og_site_name":"Archimbaud Opticien Blog","article_publisher":"https:\/\/www.facebook.com\/archimbaudopticien","article_published_time":"2025-11-13T17:19:02+00:00","article_modified_time":"2025-11-14T10:27:41+00:00","og_image":[{"width":1800,"height":1018,"url":"https:\/\/www.archimbaudopticien.com\/blog\/wp-content\/uploads\/2025\/11\/lunettes-made-in-france-archimbaud-opticien.jpg","type":"image\/jpeg"}],"author":"Dominique","twitter_card":"summary_large_image","twitter_misc":{"\u00c9crit par":"Dominique","Dur\u00e9e de lecture estim\u00e9e":"10 minutes"},"schema":{"@context":"https:\/\/schema.org","@graph":[{"@type":"Article","@id":"https:\/\/www.archimbaudopticien.com\/blog\/lunettes\/lunettes-made-in-france#article","isPartOf":{"@id":"https:\/\/www.archimbaudopticien.com\/blog\/lunettes\/lunettes-made-in-france"},"author":{"name":"Dominique","@id":"https:\/\/www.archimbaudopticien.com\/blog\/#\/schema\/person\/99b42cc6c97675964638728229b4a8d0"},"headline":"Lunettes made in France","datePublished":"2025-11-13T17:19:02+00:00","dateModified":"2025-11-14T10:27:41+00:00","mainEntityOfPage":{"@id":"https:\/\/www.archimbaudopticien.com\/blog\/lunettes\/lunettes-made-in-france"},"wordCount":3378,"publisher":{"@id":"https:\/\/www.archimbaudopticien.com\/blog\/#organization"},"image":{"@id":"https:\/\/www.archimbaudopticien.com\/blog\/lunettes\/lunettes-made-in-france#primaryimage"},"thumbnailUrl":"https:\/\/www.archimbaudopticien.com\/blog\/wp-content\/uploads\/2025\/11\/lunettes-made-in-france-archimbaud-opticien.jpg","keywords":["Artisanat","Fabrication","Lunettes","Made in France","Savoir-Faire"],"articleSection":["Lunettes"],"inLanguage":"fr-FR"},{"@type":"WebPage","@id":"https:\/\/www.archimbaudopticien.com\/blog\/lunettes\/lunettes-made-in-france","url":"https:\/\/www.archimbaudopticien.com\/blog\/lunettes\/lunettes-made-in-france","name":"Lunettes made in France : savoir-faire, r\u00e9gions et artisans | Archimbaud Opticien Blog","isPartOf":{"@id":"https:\/\/www.archimbaudopticien.com\/blog\/#website"},"primaryImageOfPage":{"@id":"https:\/\/www.archimbaudopticien.com\/blog\/lunettes\/lunettes-made-in-france#primaryimage"},"image":{"@id":"https:\/\/www.archimbaudopticien.com\/blog\/lunettes\/lunettes-made-in-france#primaryimage"},"thumbnailUrl":"https:\/\/www.archimbaudopticien.com\/blog\/wp-content\/uploads\/2025\/11\/lunettes-made-in-france-archimbaud-opticien.jpg","datePublished":"2025-11-13T17:19:02+00:00","dateModified":"2025-11-14T10:27:41+00:00","description":"D\u00e9couvrez l\u2019excellence des lunettes made in France : savoir-faire du Jura, cr\u00e9ations modernes, ateliers r\u00e9gionaux et artisanat durable au c\u0153ur de la lunetterie fran\u00e7aise.","breadcrumb":{"@id":"https:\/\/www.archimbaudopticien.com\/blog\/lunettes\/lunettes-made-in-france#breadcrumb"},"inLanguage":"fr-FR","potentialAction":[{"@type":"ReadAction","target":["https:\/\/www.archimbaudopticien.com\/blog\/lunettes\/lunettes-made-in-france"]}]},{"@type":"ImageObject","inLanguage":"fr-FR","@id":"https:\/\/www.archimbaudopticien.com\/blog\/lunettes\/lunettes-made-in-france#primaryimage","url":"https:\/\/www.archimbaudopticien.com\/blog\/wp-content\/uploads\/2025\/11\/lunettes-made-in-france-archimbaud-opticien.jpg","contentUrl":"https:\/\/www.archimbaudopticien.com\/blog\/wp-content\/uploads\/2025\/11\/lunettes-made-in-france-archimbaud-opticien.jpg","width":1800,"height":1018},{"@type":"BreadcrumbList","@id":"https:\/\/www.archimbaudopticien.com\/blog\/lunettes\/lunettes-made-in-france#breadcrumb","itemListElement":[{"@type":"ListItem","position":1,"name":"Accueil","item":"https:\/\/www.archimbaudopticien.com\/blog\/"},{"@type":"ListItem","position":2,"name":"Lunettes made in France"}]},{"@type":"WebSite","@id":"https:\/\/www.archimbaudopticien.com\/blog\/#website","url":"https:\/\/www.archimbaudopticien.com\/blog\/","name":"Archimbaud Opticien","description":"","publisher":{"@id":"https:\/\/www.archimbaudopticien.com\/blog\/#organization"},"potentialAction":[{"@type":"SearchAction","target":{"@type":"EntryPoint","urlTemplate":"https:\/\/www.archimbaudopticien.com\/blog\/?s={search_term_string}"},"query-input":{"@type":"PropertyValueSpecification","valueRequired":true,"valueName":"search_term_string"}}],"inLanguage":"fr-FR"},{"@type":"Organization","@id":"https:\/\/www.archimbaudopticien.com\/blog\/#organization","name":"Blog d'Archimbaud Opticien","url":"https:\/\/www.archimbaudopticien.com\/blog\/","logo":{"@type":"ImageObject","inLanguage":"fr-FR","@id":"https:\/\/www.archimbaudopticien.com\/blog\/#\/schema\/logo\/image\/","url":"https:\/\/www.archimbaudopticien.com\/blog\/wp-content\/uploads\/2025\/09\/Logo-Noir-transparent-scaled.png","contentUrl":"https:\/\/www.archimbaudopticien.com\/blog\/wp-content\/uploads\/2025\/09\/Logo-Noir-transparent-scaled.png","width":2560,"height":1979,"caption":"Blog d'Archimbaud Opticien"},"image":{"@id":"https:\/\/www.archimbaudopticien.com\/blog\/#\/schema\/logo\/image\/"},"sameAs":["https:\/\/www.facebook.com\/archimbaudopticien","https:\/\/www.instagram.com\/archimbaudopticien\/"]},{"@type":"Person","@id":"https:\/\/www.archimbaudopticien.com\/blog\/#\/schema\/person\/99b42cc6c97675964638728229b4a8d0","name":"Dominique","image":{"@type":"ImageObject","inLanguage":"fr-FR","@id":"https:\/\/www.archimbaudopticien.com\/blog\/#\/schema\/person\/image\/","url":"https:\/\/secure.gravatar.com\/avatar\/7a9fdaa140318010833413ca2caac72e865e73327cd70955c97de10ce0a27972?s=96&d=mm&r=g","contentUrl":"https:\/\/secure.gravatar.com\/avatar\/7a9fdaa140318010833413ca2caac72e865e73327cd70955c97de10ce0a27972?s=96&d=mm&r=g","caption":"Dominique"},"url":"https:\/\/www.archimbaudopticien.com\/blog\/author\/communilink"}]}},"_links":{"self":[{"href":"https:\/\/www.archimbaudopticien.com\/blog\/wp-json\/wp\/v2\/posts\/1459","targetHints":{"allow":["GET"]}}],"collection":[{"href":"https:\/\/www.archimbaudopticien.com\/blog\/wp-json\/wp\/v2\/posts"}],"about":[{"href":"https:\/\/www.archimbaudopticien.com\/blog\/wp-json\/wp\/v2\/types\/post"}],"author":[{"embeddable":true,"href":"https:\/\/www.archimbaudopticien.com\/blog\/wp-json\/wp\/v2\/users\/3"}],"replies":[{"embeddable":true,"href":"https:\/\/www.archimbaudopticien.com\/blog\/wp-json\/wp\/v2\/comments?post=1459"}],"version-history":[{"count":10,"href":"https:\/\/www.archimbaudopticien.com\/blog\/wp-json\/wp\/v2\/posts\/1459\/revisions"}],"predecessor-version":[{"id":1478,"href":"https:\/\/www.archimbaudopticien.com\/blog\/wp-json\/wp\/v2\/posts\/1459\/revisions\/1478"}],"wp:featuredmedia":[{"embeddable":true,"href":"https:\/\/www.archimbaudopticien.com\/blog\/wp-json\/wp\/v2\/media\/1460"}],"wp:attachment":[{"href":"https:\/\/www.archimbaudopticien.com\/blog\/wp-json\/wp\/v2\/media?parent=1459"}],"wp:term":[{"taxonomy":"category","embeddable":true,"href":"https:\/\/www.archimbaudopticien.com\/blog\/wp-json\/wp\/v2\/categories?post=1459"},{"taxonomy":"post_tag","embeddable":true,"href":"https:\/\/www.archimbaudopticien.com\/blog\/wp-json\/wp\/v2\/tags?post=1459"}],"curies":[{"name":"wp","href":"https:\/\/api.w.org\/{rel}","templated":true}]}}