{"id":1480,"date":"2025-11-14T11:01:03","date_gmt":"2025-11-14T10:01:03","guid":{"rendered":"https:\/\/www.archimbaudopticien.com\/blog\/?p=1480"},"modified":"2025-11-14T11:27:41","modified_gmt":"2025-11-14T10:27:41","slug":"fatigue-visuelle-liee-aux-ecrans","status":"publish","type":"post","link":"https:\/\/www.archimbaudopticien.com\/blog\/sante-visuelle\/fatigue-visuelle-liee-aux-ecrans","title":{"rendered":"Fatigue visuelle li\u00e9e aux \u00e9crans"},"content":{"rendered":"[vc_row type=\u00a0\u00bbfull_width_content\u00a0\u00bb full_screen_row_position=\u00a0\u00bbmiddle\u00a0\u00bb column_margin=\u00a0\u00bbdefault\u00a0\u00bb column_direction=\u00a0\u00bbdefault\u00a0\u00bb column_direction_tablet=\u00a0\u00bbdefault\u00a0\u00bb column_direction_phone=\u00a0\u00bbdefault\u00a0\u00bb bg_color=\u00a0\u00bb#2B323A00&Prime; bg_image=\u00a0\u00bb1481&Prime; bg_position=\u00a0\u00bbcenter center\u00a0\u00bb background_image_loading=\u00a0\u00bbdefault\u00a0\u00bb bg_repeat=\u00a0\u00bbno-repeat\u00a0\u00bb scene_position=\u00a0\u00bbcenter\u00a0\u00bb top_padding=\u00a0\u00bb12%\u00a0\u00bb bottom_padding=\u00a0\u00bb2%\u00a0\u00bb left_padding_desktop=\u00a0\u00bb8%\u00a0\u00bb constrain_group_2=\u00a0\u00bbyes\u00a0\u00bb right_padding_desktop=\u00a0\u00bb8%\u00a0\u00bb top_margin=\u00a0\u00bb0&Prime; text_color=\u00a0\u00bblight\u00a0\u00bb text_align=\u00a0\u00bbleft\u00a0\u00bb row_border_radius=\u00a0\u00bbnone\u00a0\u00bb row_border_radius_applies=\u00a0\u00bbbg\u00a0\u00bb zindex=\u00a0\u00bb100&Prime; overflow=\u00a0\u00bbhidden\u00a0\u00bb color_overlay=\u00a0\u00bbrgba(0,0,0,0.78)\u00a0\u00bb advanced_gradient_angle=\u00a0\u00bb0&Prime; overlay_strength=\u00a0\u00bb0.3&Prime; gradient_direction=\u00a0\u00bbradial\u00a0\u00bb shape_divider_position=\u00a0\u00bbbottom\u00a0\u00bb bg_image_animation=\u00a0\u00bbfade-in\u00a0\u00bb mobile_disable_bg_image_animation=\u00a0\u00bbtrue\u00a0\u00bb shape_type=\u00a0\u00bb\u00a0\u00bb gradient_type=\u00a0\u00bbdefault\u00a0\u00bb][vc_column column_padding=\u00a0\u00bbno-extra-padding\u00a0\u00bb column_padding_tablet=\u00a0\u00bbinherit\u00a0\u00bb column_padding_phone=\u00a0\u00bbinherit\u00a0\u00bb column_padding_position=\u00a0\u00bbtop-bottom\u00a0\u00bb column_element_direction_desktop=\u00a0\u00bbdefault\u00a0\u00bb column_element_spacing=\u00a0\u00bb0px\u00a0\u00bb desktop_text_alignment=\u00a0\u00bbdefault\u00a0\u00bb tablet_text_alignment=\u00a0\u00bbdefault\u00a0\u00bb phone_text_alignment=\u00a0\u00bbdefault\u00a0\u00bb background_color_opacity=\u00a0\u00bb1&Prime; background_hover_color_opacity=\u00a0\u00bb1&Prime; column_backdrop_filter=\u00a0\u00bbnone\u00a0\u00bb column_shadow=\u00a0\u00bbnone\u00a0\u00bb column_border_radius=\u00a0\u00bbnone\u00a0\u00bb column_link_target=\u00a0\u00bb_self\u00a0\u00bb column_position=\u00a0\u00bbstatic\u00a0\u00bb advanced_gradient_angle=\u00a0\u00bb0&Prime; gradient_direction=\u00a0\u00bbleft_to_right\u00a0\u00bb overlay_strength=\u00a0\u00bb0.3&Prime; width=\u00a0\u00bb1\/1&Prime; tablet_width_inherit=\u00a0\u00bbdefault\u00a0\u00bb animation_type=\u00a0\u00bbdefault\u00a0\u00bb bg_image_animation=\u00a0\u00bbnone\u00a0\u00bb border_type=\u00a0\u00bbsimple\u00a0\u00bb column_border_width=\u00a0\u00bbnone\u00a0\u00bb column_border_style=\u00a0\u00bbsolid\u00a0\u00bb gradient_type=\u00a0\u00bbdefault\u00a0\u00bb column_padding_type=\u00a0\u00bbdefault\u00a0\u00bb][vc_row_inner column_margin=\u00a0\u00bbnone\u00a0\u00bb column_direction=\u00a0\u00bbdefault\u00a0\u00bb column_direction_tablet=\u00a0\u00bbdefault\u00a0\u00bb column_direction_phone=\u00a0\u00bbdefault\u00a0\u00bb left_padding_desktop=\u00a0\u00bb15%\u00a0\u00bb constrain_group_2=\u00a0\u00bbyes\u00a0\u00bb right_padding_desktop=\u00a0\u00bb15%\u00a0\u00bb text_align=\u00a0\u00bbleft\u00a0\u00bb row_position=\u00a0\u00bbdefault\u00a0\u00bb row_position_tablet=\u00a0\u00bbinherit\u00a0\u00bb row_position_phone=\u00a0\u00bbinherit\u00a0\u00bb zindex=\u00a0\u00bb10&Prime; overflow=\u00a0\u00bbvisible\u00a0\u00bb pointer_events=\u00a0\u00bball\u00a0\u00bb][vc_column_inner column_padding=\u00a0\u00bbno-extra-padding\u00a0\u00bb column_padding_tablet=\u00a0\u00bbinherit\u00a0\u00bb column_padding_phone=\u00a0\u00bbinherit\u00a0\u00bb column_padding_position=\u00a0\u00bbbottom\u00a0\u00bb column_element_direction_desktop=\u00a0\u00bbdefault\u00a0\u00bb column_element_spacing=\u00a0\u00bbdefault\u00a0\u00bb centered_text=\u00a0\u00bbtrue\u00a0\u00bb desktop_text_alignment=\u00a0\u00bbdefault\u00a0\u00bb tablet_text_alignment=\u00a0\u00bbdefault\u00a0\u00bb phone_text_alignment=\u00a0\u00bbdefault\u00a0\u00bb background_color_opacity=\u00a0\u00bb1&Prime; background_hover_color_opacity=\u00a0\u00bb1&Prime; column_backdrop_filter=\u00a0\u00bbnone\u00a0\u00bb column_shadow=\u00a0\u00bbnone\u00a0\u00bb column_border_radius=\u00a0\u00bbnone\u00a0\u00bb column_link_target=\u00a0\u00bb_self\u00a0\u00bb overflow=\u00a0\u00bbvisible\u00a0\u00bb advanced_gradient_angle=\u00a0\u00bb0&Prime; gradient_direction=\u00a0\u00bbleft_to_right\u00a0\u00bb overlay_strength=\u00a0\u00bb0.3&Prime; width=\u00a0\u00bb1\/1&Prime; tablet_width_inherit=\u00a0\u00bbdefault\u00a0\u00bb animation_type=\u00a0\u00bbdefault\u00a0\u00bb bg_image_animation=\u00a0\u00bbnone\u00a0\u00bb border_type=\u00a0\u00bbsimple\u00a0\u00bb column_border_width=\u00a0\u00bbnone\u00a0\u00bb column_border_style=\u00a0\u00bbsolid\u00a0\u00bb gradient_type=\u00a0\u00bbdefault\u00a0\u00bb column_padding_type=\u00a0\u00bbdefault\u00a0\u00bb][split_line_heading animation_type=\u00a0\u00bbline-reveal-by-space\u00a0\u00bb font_style=\u00a0\u00bbh1&Prime; text_color=\u00a0\u00bb#FFFFFF\u00a0\u00bb line_reveal_by_space_text_effect=\u00a0\u00bbletter-reveal-bottom\u00a0\u00bb content_alignment=\u00a0\u00bbcenter\u00a0\u00bb mobile_content_alignment=\u00a0\u00bbcenter\u00a0\u00bb link_target=\u00a0\u00bb_self\u00a0\u00bb text_content=\u00a0\u00bbFatigue visuelle li\u00e9e aux \u00e9crans\u00a0\u00bb font_size=\u00a0\u00bb6vw\u00a0\u00bb font_line_height=\u00a0\u00bb1,2&Prime; font_size_tablet=\u00a0\u00bb10vw\u00a0\u00bb text_direction=\u00a0\u00bbdefault\u00a0\u00bb][\/split_line_heading][nectar_cta btn_style=\u00a0\u00bbnext-section\u00a0\u00bb btn_type=\u00a0\u00bbminimal-arrow\u00a0\u00bb next_section_color=\u00a0\u00bb#FFFFFF\u00a0\u00bb alignment=\u00a0\u00bbcenter\u00a0\u00bb alignment_tablet=\u00a0\u00bbdefault\u00a0\u00bb alignment_phone=\u00a0\u00bbcenter\u00a0\u00bb display_tablet=\u00a0\u00bbinherit\u00a0\u00bb display_phone=\u00a0\u00bbinherit\u00a0\u00bb][\/vc_column_inner][\/vc_row_inner][\/vc_column][\/vc_row][vc_row type=\u00a0\u00bbin_container\u00a0\u00bb full_screen_row_position=\u00a0\u00bbmiddle\u00a0\u00bb column_margin=\u00a0\u00bbdefault\u00a0\u00bb column_direction=\u00a0\u00bbdefault\u00a0\u00bb column_direction_tablet=\u00a0\u00bbdefault\u00a0\u00bb column_direction_phone=\u00a0\u00bbdefault\u00a0\u00bb scene_position=\u00a0\u00bbcenter\u00a0\u00bb left_padding_desktop=\u00a0\u00bb4%\u00a0\u00bb constrain_group_2=\u00a0\u00bbyes\u00a0\u00bb right_padding_desktop=\u00a0\u00bb4%\u00a0\u00bb text_color=\u00a0\u00bbdark\u00a0\u00bb text_align=\u00a0\u00bbleft\u00a0\u00bb row_border_radius=\u00a0\u00bbnone\u00a0\u00bb row_border_radius_applies=\u00a0\u00bbbg\u00a0\u00bb overflow=\u00a0\u00bbvisible\u00a0\u00bb overlay_strength=\u00a0\u00bb0.3&Prime; gradient_direction=\u00a0\u00bbleft_to_right\u00a0\u00bb shape_divider_position=\u00a0\u00bbbottom\u00a0\u00bb bg_image_animation=\u00a0\u00bbnone\u00a0\u00bb gradient_type=\u00a0\u00bbdefault\u00a0\u00bb shape_type=\u00a0\u00bb\u00a0\u00bb][vc_column column_padding=\u00a0\u00bbpadding-5-percent\u00a0\u00bb column_padding_tablet=\u00a0\u00bbinherit\u00a0\u00bb column_padding_phone=\u00a0\u00bbpadding-3-percent\u00a0\u00bb column_padding_position=\u00a0\u00bbtop-bottom\u00a0\u00bb column_element_direction_desktop=\u00a0\u00bbdefault\u00a0\u00bb column_element_spacing=\u00a0\u00bbdefault\u00a0\u00bb desktop_text_alignment=\u00a0\u00bbdefault\u00a0\u00bb tablet_text_alignment=\u00a0\u00bbdefault\u00a0\u00bb phone_text_alignment=\u00a0\u00bbdefault\u00a0\u00bb background_color_opacity=\u00a0\u00bb1&Prime; background_hover_color_opacity=\u00a0\u00bb1&Prime; column_backdrop_filter=\u00a0\u00bbnone\u00a0\u00bb column_shadow=\u00a0\u00bbnone\u00a0\u00bb column_border_radius=\u00a0\u00bbnone\u00a0\u00bb column_link_target=\u00a0\u00bb_self\u00a0\u00bb column_position=\u00a0\u00bbdefault\u00a0\u00bb gradient_direction=\u00a0\u00bbleft_to_right\u00a0\u00bb overlay_strength=\u00a0\u00bb0.3&Prime; width=\u00a0\u00bb1\/1&Prime; tablet_width_inherit=\u00a0\u00bbdefault\u00a0\u00bb animation_type=\u00a0\u00bbdefault\u00a0\u00bb bg_image_animation=\u00a0\u00bbnone\u00a0\u00bb border_type=\u00a0\u00bbsimple\u00a0\u00bb column_border_width=\u00a0\u00bbnone\u00a0\u00bb column_border_style=\u00a0\u00bbsolid\u00a0\u00bb column_padding_type=\u00a0\u00bbdefault\u00a0\u00bb gradient_type=\u00a0\u00bbdefault\u00a0\u00bb][split_line_heading animation_type=\u00a0\u00bbline-reveal-by-space\u00a0\u00bb font_style=\u00a0\u00bbh2&Prime; text_color=\u00a0\u00bb#333333&Prime; line_reveal_by_space_text_effect=\u00a0\u00bbletter-reveal-bottom\u00a0\u00bb content_alignment=\u00a0\u00bbdefault\u00a0\u00bb mobile_content_alignment=\u00a0\u00bbinherit\u00a0\u00bb link_target=\u00a0\u00bb_self\u00a0\u00bb text_content=\u00a0\u00bbFatigue visuelle li\u00e9e aux \u00e9crans : comprendre, soulager et pr\u00e9venir\u00a0\u00bb text_direction=\u00a0\u00bbdefault\u00a0\u00bb][\/split_line_heading][divider line_type=\u00a0\u00bbNo Line\u00a0\u00bb custom_height=\u00a0\u00bb50px\u00a0\u00bb][vc_column_text css=\u00a0\u00bb\u00a0\u00bb text_direction=\u00a0\u00bbdefault\u00a0\u00bb]Entre travail, loisirs et communication, les \u00e9crans occupent aujourd\u2019hui une place centrale dans notre quotidien. Ordinateurs, smartphones, tablettes ou t\u00e9l\u00e9visions : nous passons en moyenne plus de 7 heures par jour devant une source num\u00e9rique. Ce temps d\u2019exposition prolong\u00e9 entra\u00eene un ph\u00e9nom\u00e8ne de plus en plus fr\u00e9quent : <strong>la fatigue visuelle num\u00e9rique<\/strong>, aussi appel\u00e9e <strong>syndrome de vision artificielle<\/strong>.<br \/>\nChez <strong>Archimbaud Opticien<\/strong>, \u00e0 Marseille et Salon-de-Provence, nous rencontrons quotidiennement des clients qui se plaignent d\u2019yeux secs, de maux de t\u00eate ou de vision trouble apr\u00e8s une journ\u00e9e pass\u00e9e devant un \u00e9cran. Comprendre les causes de cette fatigue et adopter les bons r\u00e9flexes est essentiel pour pr\u00e9server son confort visuel.[\/vc_column_text][divider line_type=\u00a0\u00bbNo Line\u00a0\u00bb custom_height=\u00a0\u00bb50px\u00a0\u00bb][split_line_heading animation_type=\u00a0\u00bbline-reveal-by-space\u00a0\u00bb font_style=\u00a0\u00bbh3&Prime; text_color=\u00a0\u00bb#333333&Prime; line_reveal_by_space_text_effect=\u00a0\u00bbnone\u00a0\u00bb content_alignment=\u00a0\u00bbdefault\u00a0\u00bb mobile_content_alignment=\u00a0\u00bbinherit\u00a0\u00bb link_target=\u00a0\u00bb_self\u00a0\u00bb text_content=\u00a0\u00bbQu\u2019est-ce que la fatigue visuelle num\u00e9rique ?\u00a0\u00bb text_direction=\u00a0\u00bbdefault\u00a0\u00bb][\/split_line_heading][divider line_type=\u00a0\u00bbFull Width Line\u00a0\u00bb line_thickness=\u00a0\u00bb1&Prime; divider_color=\u00a0\u00bbaccent-color\u00a0\u00bb][divider line_type=\u00a0\u00bbNo Line\u00a0\u00bb custom_height=\u00a0\u00bb15px\u00a0\u00bb][vc_row_inner equal_height=\u00a0\u00bbyes\u00a0\u00bb content_placement=\u00a0\u00bbmiddle\u00a0\u00bb column_margin=\u00a0\u00bbdefault\u00a0\u00bb column_direction=\u00a0\u00bbdefault\u00a0\u00bb column_direction_tablet=\u00a0\u00bbdefault\u00a0\u00bb column_direction_phone=\u00a0\u00bbdefault\u00a0\u00bb text_align=\u00a0\u00bbleft\u00a0\u00bb row_position=\u00a0\u00bbdefault\u00a0\u00bb row_position_tablet=\u00a0\u00bbinherit\u00a0\u00bb row_position_phone=\u00a0\u00bbinherit\u00a0\u00bb overflow=\u00a0\u00bbvisible\u00a0\u00bb pointer_events=\u00a0\u00bball\u00a0\u00bb][vc_column_inner column_padding=\u00a0\u00bbno-extra-padding\u00a0\u00bb column_padding_tablet=\u00a0\u00bbinherit\u00a0\u00bb column_padding_phone=\u00a0\u00bbinherit\u00a0\u00bb column_padding_position=\u00a0\u00bball\u00a0\u00bb column_element_direction_desktop=\u00a0\u00bbdefault\u00a0\u00bb column_element_spacing=\u00a0\u00bbdefault\u00a0\u00bb desktop_text_alignment=\u00a0\u00bbdefault\u00a0\u00bb tablet_text_alignment=\u00a0\u00bbdefault\u00a0\u00bb phone_text_alignment=\u00a0\u00bbdefault\u00a0\u00bb background_color_opacity=\u00a0\u00bb1&Prime; background_hover_color_opacity=\u00a0\u00bb1&Prime; column_backdrop_filter=\u00a0\u00bbnone\u00a0\u00bb column_shadow=\u00a0\u00bbnone\u00a0\u00bb column_border_radius=\u00a0\u00bbnone\u00a0\u00bb column_link_target=\u00a0\u00bb_self\u00a0\u00bb overflow=\u00a0\u00bbvisible\u00a0\u00bb gradient_direction=\u00a0\u00bbleft_to_right\u00a0\u00bb overlay_strength=\u00a0\u00bb0.3&Prime; width=\u00a0\u00bb1\/2&Prime; tablet_width_inherit=\u00a0\u00bbdefault\u00a0\u00bb animation_type=\u00a0\u00bbdefault\u00a0\u00bb bg_image_animation=\u00a0\u00bbnone\u00a0\u00bb border_type=\u00a0\u00bbsimple\u00a0\u00bb column_border_width=\u00a0\u00bbnone\u00a0\u00bb column_border_style=\u00a0\u00bbsolid\u00a0\u00bb][vc_column_text css=\u00a0\u00bb\u00a0\u00bb text_direction=\u00a0\u00bbdefault\u00a0\u00bb]La fatigue visuelle correspond \u00e0 <strong>un ensemble de sympt\u00f4mes oculaires et posturaux<\/strong> provoqu\u00e9s par la sollicitation prolong\u00e9e du syst\u00e8me visuel.<br \/>\nFace aux \u00e9crans, nos yeux doivent fournir un effort constant pour maintenir la nettet\u00e9, ajuster la mise au point, g\u00e9rer les reflets et s\u2019adapter \u00e0 la luminosit\u00e9. Cet effort, souvent inconscient, finit par provoquer une tension oculaire et musculaire.<\/p>\n<p>Les sympt\u00f4mes les plus fr\u00e9quents sont :<\/p>\n<ul>\n<li>sensation de picotements ou de br\u00fblure,<\/li>\n<li>s\u00e9cheresse oculaire,<\/li>\n<li>maux de t\u00eate ou sensation de lourdeur autour des yeux,<\/li>\n<li>vision floue ou trouble en fin de journ\u00e9e,<\/li>\n<li>difficult\u00e9 \u00e0 se concentrer apr\u00e8s plusieurs heures d\u2019\u00e9cran,<\/li>\n<li>parfois douleurs cervicales ou tensions dans les \u00e9paules li\u00e9es \u00e0 une mauvaise posture.<\/li>\n<\/ul>\n<p>Cette combinaison de signes est aujourd\u2019hui consid\u00e9r\u00e9e comme l\u2019un des troubles visuels les plus r\u00e9pandus dans les pays connect\u00e9s.[\/vc_column_text][\/vc_column_inner][vc_column_inner column_padding=\u00a0\u00bbno-extra-padding\u00a0\u00bb column_padding_tablet=\u00a0\u00bbinherit\u00a0\u00bb column_padding_phone=\u00a0\u00bbinherit\u00a0\u00bb column_padding_position=\u00a0\u00bball\u00a0\u00bb column_element_direction_desktop=\u00a0\u00bbdefault\u00a0\u00bb column_element_spacing=\u00a0\u00bbdefault\u00a0\u00bb desktop_text_alignment=\u00a0\u00bbdefault\u00a0\u00bb tablet_text_alignment=\u00a0\u00bbdefault\u00a0\u00bb phone_text_alignment=\u00a0\u00bbdefault\u00a0\u00bb background_color_opacity=\u00a0\u00bb1&Prime; background_hover_color_opacity=\u00a0\u00bb1&Prime; column_backdrop_filter=\u00a0\u00bbnone\u00a0\u00bb column_shadow=\u00a0\u00bbnone\u00a0\u00bb column_border_radius=\u00a0\u00bbnone\u00a0\u00bb column_link_target=\u00a0\u00bb_self\u00a0\u00bb overflow=\u00a0\u00bbvisible\u00a0\u00bb gradient_direction=\u00a0\u00bbleft_to_right\u00a0\u00bb overlay_strength=\u00a0\u00bb0.3&Prime; width=\u00a0\u00bb1\/2&Prime; tablet_width_inherit=\u00a0\u00bbdefault\u00a0\u00bb animation_type=\u00a0\u00bbdefault\u00a0\u00bb bg_image_animation=\u00a0\u00bbnone\u00a0\u00bb border_type=\u00a0\u00bbsimple\u00a0\u00bb column_border_width=\u00a0\u00bbnone\u00a0\u00bb column_border_style=\u00a0\u00bbsolid\u00a0\u00bb][image_with_animation image_url=\u00a0\u00bb1482&Prime; image_size=\u00a0\u00bbfull\u00a0\u00bb max_width=\u00a0\u00bb100%\u00a0\u00bb max_width_mobile=\u00a0\u00bbdefault\u00a0\u00bb animation_type=\u00a0\u00bbentrance\u00a0\u00bb animation=\u00a0\u00bbNone\u00a0\u00bb animation_movement_type=\u00a0\u00bbtransform_y\u00a0\u00bb hover_animation=\u00a0\u00bbnone\u00a0\u00bb alignment=\u00a0\u00bbcenter\u00a0\u00bb img_link_large=\u00a0\u00bbyes\u00a0\u00bb border_radius=\u00a0\u00bbnone\u00a0\u00bb box_shadow=\u00a0\u00bbnone\u00a0\u00bb image_loading=\u00a0\u00bbdefault\u00a0\u00bb][\/vc_column_inner][\/vc_row_inner][divider line_type=\u00a0\u00bbNo Line\u00a0\u00bb custom_height=\u00a0\u00bb50px\u00a0\u00bb][split_line_heading animation_type=\u00a0\u00bbline-reveal-by-space\u00a0\u00bb font_style=\u00a0\u00bbh3&Prime; text_color=\u00a0\u00bb#333333&Prime; line_reveal_by_space_text_effect=\u00a0\u00bbnone\u00a0\u00bb content_alignment=\u00a0\u00bbdefault\u00a0\u00bb mobile_content_alignment=\u00a0\u00bbinherit\u00a0\u00bb link_target=\u00a0\u00bb_self\u00a0\u00bb text_content=\u00a0\u00bbPourquoi les \u00e9crans fatiguent-ils nos yeux ?\u00a0\u00bb text_direction=\u00a0\u00bbdefault\u00a0\u00bb][\/split_line_heading][divider line_type=\u00a0\u00bbFull Width Line\u00a0\u00bb line_thickness=\u00a0\u00bb1&Prime; divider_color=\u00a0\u00bbaccent-color\u00a0\u00bb][divider line_type=\u00a0\u00bbNo Line\u00a0\u00bb custom_height=\u00a0\u00bb15px\u00a0\u00bb][vc_column_text css=\u00a0\u00bb\u00a0\u00bb text_direction=\u00a0\u00bbdefault\u00a0\u00bb]Plusieurs m\u00e9canismes expliquent ce ph\u00e9nom\u00e8ne :<\/p>\n<ul>\n<li>\n<h4>Une sollicitation visuelle continue<\/h4>\n<\/li>\n<\/ul>\n<p>Travailler ou lire sur un \u00e9cran oblige les muscles de l\u2019\u0153il \u00e0 maintenir un effort d\u2019accommodation constant, sans alternance de distance. Contrairement \u00e0 la lecture papier, l\u2019\u0153il ne varie presque plus sa mise au point.<\/p>\n<ul>\n<li>\n<h4>Une r\u00e9duction du clignement<\/h4>\n<\/li>\n<\/ul>\n<p>Devant un \u00e9cran, nous clignons jusqu\u2019\u00e0 5 fois moins qu\u2019en temps normal, ce qui entra\u00eene une <strong>\u00e9vaporation du film lacrymal<\/strong> et une s\u00e9cheresse oculaire accrue.<\/p>\n<ul>\n<li>\n<h4>L\u2019\u00e9blouissement et les reflets<\/h4>\n<\/li>\n<\/ul>\n<p>Les \u00e9crans modernes diffusent une lumi\u00e8re riche en <strong>bleu-violet<\/strong>, qui provoque \u00e9blouissement et inconfort visuel. C\u2019est l\u2019une des causes majeures de la fatigue num\u00e9rique.<\/p>\n<ul>\n<li>\n<h4>Une mauvaise ergonomie de poste<\/h4>\n<\/li>\n<\/ul>\n<p>Distance trop courte, angle de regard trop haut, luminosit\u00e9 mal r\u00e9gl\u00e9e : ces erreurs de posture accentuent les sympt\u00f4mes, surtout lors d\u2019un travail prolong\u00e9 sur ordinateur.<\/p>\n<p>Chez <strong>Archimbaud Opticien<\/strong>, nous constatons que la plupart des g\u00eanes peuvent \u00eatre largement r\u00e9duites en ajustant simplement la position de l\u2019\u00e9cran et en adoptant des <strong>verres adapt\u00e9s aux usages num\u00e9riques<\/strong>.[\/vc_column_text][divider line_type=\u00a0\u00bbNo Line\u00a0\u00bb custom_height=\u00a0\u00bb50px\u00a0\u00bb][split_line_heading animation_type=\u00a0\u00bbline-reveal-by-space\u00a0\u00bb font_style=\u00a0\u00bbh3&Prime; text_color=\u00a0\u00bb#333333&Prime; line_reveal_by_space_text_effect=\u00a0\u00bbnone\u00a0\u00bb content_alignment=\u00a0\u00bbdefault\u00a0\u00bb mobile_content_alignment=\u00a0\u00bbinherit\u00a0\u00bb link_target=\u00a0\u00bb_self\u00a0\u00bb text_content=\u00a0\u00bbQui est concern\u00e9 ?\u00a0\u00bb text_direction=\u00a0\u00bbdefault\u00a0\u00bb][\/split_line_heading][divider line_type=\u00a0\u00bbFull Width Line\u00a0\u00bb line_thickness=\u00a0\u00bb1&Prime; divider_color=\u00a0\u00bbaccent-color\u00a0\u00bb][divider line_type=\u00a0\u00bbNo Line\u00a0\u00bb custom_height=\u00a0\u00bb15px\u00a0\u00bb][vc_column_text css=\u00a0\u00bb\u00a0\u00bb text_direction=\u00a0\u00bbdefault\u00a0\u00bb]Tout le monde peut souffrir de fatigue visuelle, mais certaines cat\u00e9gories sont particuli\u00e8rement expos\u00e9es :<\/p>\n<ul>\n<li><strong>les travailleurs sur \u00e9cran<\/strong> (t\u00e9l\u00e9travail, bureautique, graphisme, informatique),<\/li>\n<li><strong>les \u00e9tudiants<\/strong> et adolescents, souvent sur smartphone ou tablette plusieurs heures par jour,<\/li>\n<li><strong>les porteurs de lunettes ou de lentilles<\/strong> non adapt\u00e9es \u00e0 leur distance de travail,<\/li>\n<li><strong>les personnes de plus de 40 ans<\/strong>, dont la capacit\u00e9 d\u2019accommodation diminue avec la presbytie.<\/li>\n<\/ul>\n<p>Ces profils pr\u00e9sentent un risque accru de g\u00eane visuelle, mais aussi de troubles posturaux li\u00e9s \u00e0 une compensation inconsciente du regard.[\/vc_column_text][divider line_type=\u00a0\u00bbNo Line\u00a0\u00bb custom_height=\u00a0\u00bb50px\u00a0\u00bb][split_line_heading animation_type=\u00a0\u00bbline-reveal-by-space\u00a0\u00bb font_style=\u00a0\u00bbh3&Prime; text_color=\u00a0\u00bb#333333&Prime; line_reveal_by_space_text_effect=\u00a0\u00bbnone\u00a0\u00bb content_alignment=\u00a0\u00bbdefault\u00a0\u00bb mobile_content_alignment=\u00a0\u00bbinherit\u00a0\u00bb link_target=\u00a0\u00bb_self\u00a0\u00bb text_content=\u00a0\u00bbLes solutions pour soulager la fatigue visuelle\u00a0\u00bb text_direction=\u00a0\u00bbdefault\u00a0\u00bb][\/split_line_heading][divider line_type=\u00a0\u00bbFull Width Line\u00a0\u00bb line_thickness=\u00a0\u00bb1&Prime; divider_color=\u00a0\u00bbaccent-color\u00a0\u00bb][divider line_type=\u00a0\u00bbNo Line\u00a0\u00bb custom_height=\u00a0\u00bb15px\u00a0\u00bb][vc_column_text css=\u00a0\u00bb\u00a0\u00bb text_direction=\u00a0\u00bbdefault\u00a0\u00bb]Heureusement, plusieurs mesures simples permettent de r\u00e9duire significativement les sympt\u00f4mes.<\/p>\n<h4>Am\u00e9liorer son environnement visuel<\/h4>\n<ul>\n<li><strong>\u00c9viter les reflets<\/strong> : positionner l\u2019\u00e9cran perpendiculairement aux sources lumineuses.<\/li>\n<li><strong>R\u00e9gler la luminosit\u00e9<\/strong> : \u00e9viter le contraste trop fort entre l\u2019\u00e9cran et la pi\u00e8ce.<\/li>\n<li><strong>Travailler dans une lumi\u00e8re ambiante douce<\/strong>, jamais dans le noir complet.<\/li>\n<\/ul>\n<h4>Adopter de bons r\u00e9flexes au quotidien<\/h4>\n<ul>\n<li>Appliquer <strong>la r\u00e8gle du 20-20-20<\/strong> : toutes les 20 minutes, regarder un objet situ\u00e9 \u00e0 6 m\u00e8tres (20 pieds) pendant 20 secondes.<\/li>\n<li><strong>Cligner volontairement<\/strong> pour humidifier la surface oculaire.<\/li>\n<li><strong>Faire des pauses visuelles<\/strong> et s\u2019\u00e9tirer r\u00e9guli\u00e8rement.<\/li>\n<\/ul>\n<h4>Porter des verres adapt\u00e9s aux \u00e9crans<\/h4>\n<p>Chez Archimbaud Opticien, nous proposons des verres sp\u00e9cifiques pour le travail num\u00e9rique :<\/p>\n<ul>\n<li>Verres Eyezen\u2122 pour les jeunes actifs, qui r\u00e9duisent la fatigue oculaire li\u00e9e \u00e0 l\u2019accommodation,<\/li>\n<li>Verres progressifs de bureau pour les presbytes, optimis\u00e9s pour la vision \u00e0 mi-distance,<\/li>\n<li>Traitements anti-reflet et anti-lumi\u00e8re bleue s\u00e9lective, pour limiter l\u2019\u00e9blouissement et pr\u00e9server le confort visuel.<\/li>\n<\/ul>\n<p>Ces verres sont personnalis\u00e9s selon la posture, la distance \u00e9cran et le mode de travail de chaque utilisateur.[\/vc_column_text][divider line_type=\u00a0\u00bbNo Line\u00a0\u00bb custom_height=\u00a0\u00bb50px\u00a0\u00bb][split_line_heading animation_type=\u00a0\u00bbline-reveal-by-space\u00a0\u00bb font_style=\u00a0\u00bbh3&Prime; text_color=\u00a0\u00bb#333333&Prime; line_reveal_by_space_text_effect=\u00a0\u00bbnone\u00a0\u00bb content_alignment=\u00a0\u00bbdefault\u00a0\u00bb mobile_content_alignment=\u00a0\u00bbinherit\u00a0\u00bb link_target=\u00a0\u00bb_self\u00a0\u00bb text_content=\u00a0\u00bbPr\u00e9venir la fatigue visuelle \u00e0 long terme\u00a0\u00bb text_direction=\u00a0\u00bbdefault\u00a0\u00bb][\/split_line_heading][divider line_type=\u00a0\u00bbFull Width Line\u00a0\u00bb line_thickness=\u00a0\u00bb1&Prime; divider_color=\u00a0\u00bbaccent-color\u00a0\u00bb][divider line_type=\u00a0\u00bbNo Line\u00a0\u00bb custom_height=\u00a0\u00bb15px\u00a0\u00bb][vc_column_text css=\u00a0\u00bb\u00a0\u00bb text_direction=\u00a0\u00bbdefault\u00a0\u00bb]La pr\u00e9vention repose sur une <strong>bonne hygi\u00e8ne visuelle<\/strong> et une <strong>\u00e9valuation r\u00e9guli\u00e8re de la vue<\/strong> :<\/p>\n<ul>\n<li>faire contr\u00f4ler sa vision au moins tous les deux ans, ou plus souvent en cas de g\u00eane,<\/li>\n<li>adapter sa correction \u00e0 son mode de vie (travail de bureau, \u00e9crans multiples, port de lentilles, etc.),<\/li>\n<li>privil\u00e9gier une alimentation riche en om\u00e9ga-3 et antioxydants pour maintenir la qualit\u00e9 du film lacrymal,<\/li>\n<li>utiliser si besoin des larmes artificielles pour compenser la s\u00e9cheresse.<\/li>\n<\/ul>\n<p>Chez <strong>Archimbaud Opticien<\/strong>, nos \u00e9quipes accompagnent chaque client pour identifier les causes pr\u00e9cises de sa fatigue visuelle et proposer des solutions personnalis\u00e9es, qu\u2019il s\u2019agisse de lunettes, de conseils ergonomiques ou de filtres optiques adapt\u00e9s.[\/vc_column_text][divider line_type=\u00a0\u00bbNo Line\u00a0\u00bb custom_height=\u00a0\u00bb50px\u00a0\u00bb][split_line_heading animation_type=\u00a0\u00bbline-reveal-by-space\u00a0\u00bb font_style=\u00a0\u00bbh3&Prime; text_color=\u00a0\u00bb#333333&Prime; line_reveal_by_space_text_effect=\u00a0\u00bbnone\u00a0\u00bb content_alignment=\u00a0\u00bbdefault\u00a0\u00bb mobile_content_alignment=\u00a0\u00bbinherit\u00a0\u00bb link_target=\u00a0\u00bb_self\u00a0\u00bb text_content=\u00a0\u00bbConclusion\u00a0\u00bb text_direction=\u00a0\u00bbdefault\u00a0\u00bb][\/split_line_heading][divider line_type=\u00a0\u00bbFull Width Line\u00a0\u00bb line_thickness=\u00a0\u00bb1&Prime; divider_color=\u00a0\u00bbaccent-color\u00a0\u00bb][divider line_type=\u00a0\u00bbNo Line\u00a0\u00bb custom_height=\u00a0\u00bb15px\u00a0\u00bb][vc_column_text css=\u00a0\u00bb\u00a0\u00bb text_direction=\u00a0\u00bbdefault\u00a0\u00bb]La fatigue visuelle num\u00e9rique est devenue l\u2019un des maux modernes les plus courants. Si elle est rarement grave, elle peut alt\u00e9rer significativement le confort et la qualit\u00e9 de vie. La bonne nouvelle, c\u2019est qu\u2019elle n\u2019est pas une fatalit\u00e9 : des gestes simples, une correction adapt\u00e9e et un poste de travail bien organis\u00e9 peuvent suffire \u00e0 la pr\u00e9venir.<\/p>\n<p>\u00c0 Marseille comme \u00e0 Salon-de-Provence, Archimbaud Opticien aide chaque jour ses clients \u00e0 retrouver une vision repos\u00e9e et \u00e0 profiter de leurs \u00e9crans sans inconfort.[\/vc_column_text][\/vc_column][\/vc_row]\n","protected":false},"excerpt":{"rendered":"<p>L\u2019usage intensif des \u00e9crans sollicite nos yeux bien plus qu\u2019on ne le pense. S\u00e9cheresse, picotements, vision floue : la fatigue visuelle est devenue un v\u00e9ritable enjeu de confort. D\u00e9couvrez comment la comprendre, la pr\u00e9venir et la soulager gr\u00e2ce aux conseils et solutions d\u2019Archimbaud Opticien.<\/p>\n","protected":false},"author":3,"featured_media":1481,"comment_status":"closed","ping_status":"closed","sticky":false,"template":"","format":"standard","meta":{"footnotes":""},"categories":[6],"tags":[19,69,11,70,20,18],"class_list":{"0":"post-1480","1":"post","2":"type-post","3":"status-publish","4":"format-standard","5":"has-post-thumbnail","7":"category-sante-visuelle","8":"tag-ecrans","9":"tag-fatigue-visuelle","10":"tag-lumiere-bleue","11":"tag-prevention","12":"tag-protection","13":"tag-sante-visuelle"},"yoast_head":"<!-- This site is optimized with the Yoast SEO plugin v27.0 - https:\/\/yoast.com\/product\/yoast-seo-wordpress\/ -->\n<title>Fatigue visuelle li\u00e9e aux \u00e9crans | Archimbaud Opticien Blog<\/title>\n<meta name=\"description\" content=\"Fatigue visuelle li\u00e9e aux \u00e9crans : causes, sympt\u00f4mes et solutions. Archimbaud Opticien vous aide \u00e0 soulager vos yeux et \u00e0 am\u00e9liorer votre confort num\u00e9rique.\" \/>\n<meta name=\"robots\" content=\"index, follow, max-snippet:-1, max-image-preview:large, max-video-preview:-1\" \/>\n<link rel=\"canonical\" href=\"https:\/\/www.archimbaudopticien.com\/blog\/sante-visuelle\/fatigue-visuelle-liee-aux-ecrans\" \/>\n<meta property=\"og:locale\" content=\"fr_FR\" \/>\n<meta property=\"og:type\" content=\"article\" \/>\n<meta property=\"og:title\" content=\"Fatigue visuelle li\u00e9e aux \u00e9crans | Archimbaud Opticien Blog\" \/>\n<meta property=\"og:description\" content=\"Fatigue visuelle li\u00e9e aux \u00e9crans : causes, sympt\u00f4mes et solutions. Archimbaud Opticien vous aide \u00e0 soulager vos yeux et \u00e0 am\u00e9liorer votre confort num\u00e9rique.\" \/>\n<meta property=\"og:url\" content=\"https:\/\/www.archimbaudopticien.com\/blog\/sante-visuelle\/fatigue-visuelle-liee-aux-ecrans\" \/>\n<meta property=\"og:site_name\" content=\"Archimbaud Opticien Blog\" \/>\n<meta property=\"article:publisher\" content=\"https:\/\/www.facebook.com\/archimbaudopticien\" \/>\n<meta property=\"article:published_time\" content=\"2025-11-14T10:01:03+00:00\" \/>\n<meta property=\"article:modified_time\" content=\"2025-11-14T10:27:41+00:00\" \/>\n<meta property=\"og:image\" content=\"https:\/\/www.archimbaudopticien.com\/blog\/wp-content\/uploads\/2025\/11\/fatigue-visuelle-et-ecrans-archimbaud-opticien.jpg\" \/>\n\t<meta property=\"og:image:width\" content=\"1800\" \/>\n\t<meta property=\"og:image:height\" content=\"1018\" \/>\n\t<meta property=\"og:image:type\" content=\"image\/jpeg\" \/>\n<meta name=\"author\" content=\"Dominique\" \/>\n<meta name=\"twitter:card\" content=\"summary_large_image\" \/>\n<meta name=\"twitter:label1\" content=\"\u00c9crit par\" \/>\n\t<meta name=\"twitter:data1\" content=\"Dominique\" \/>\n\t<meta name=\"twitter:label2\" content=\"Dur\u00e9e de lecture estim\u00e9e\" \/>\n\t<meta name=\"twitter:data2\" content=\"6 minutes\" \/>\n<script type=\"application\/ld+json\" class=\"yoast-schema-graph\">{\"@context\":\"https:\/\/schema.org\",\"@graph\":[{\"@type\":\"Article\",\"@id\":\"https:\/\/www.archimbaudopticien.com\/blog\/sante-visuelle\/fatigue-visuelle-liee-aux-ecrans#article\",\"isPartOf\":{\"@id\":\"https:\/\/www.archimbaudopticien.com\/blog\/sante-visuelle\/fatigue-visuelle-liee-aux-ecrans\"},\"author\":{\"name\":\"Dominique\",\"@id\":\"https:\/\/www.archimbaudopticien.com\/blog\/#\/schema\/person\/99b42cc6c97675964638728229b4a8d0\"},\"headline\":\"Fatigue visuelle li\u00e9e aux \u00e9crans\",\"datePublished\":\"2025-11-14T10:01:03+00:00\",\"dateModified\":\"2025-11-14T10:27:41+00:00\",\"mainEntityOfPage\":{\"@id\":\"https:\/\/www.archimbaudopticien.com\/blog\/sante-visuelle\/fatigue-visuelle-liee-aux-ecrans\"},\"wordCount\":2386,\"publisher\":{\"@id\":\"https:\/\/www.archimbaudopticien.com\/blog\/#organization\"},\"image\":{\"@id\":\"https:\/\/www.archimbaudopticien.com\/blog\/sante-visuelle\/fatigue-visuelle-liee-aux-ecrans#primaryimage\"},\"thumbnailUrl\":\"https:\/\/www.archimbaudopticien.com\/blog\/wp-content\/uploads\/2025\/11\/fatigue-visuelle-et-ecrans-archimbaud-opticien.jpg\",\"keywords\":[\"\u00c9crans\",\"Fatigue Visuelle\",\"Lumi\u00e8re Bleue\",\"Pr\u00e9vention\",\"Protection\",\"Sant\u00e9 Visuelle\"],\"articleSection\":[\"Sant\u00e9 Visuelle\"],\"inLanguage\":\"fr-FR\"},{\"@type\":\"WebPage\",\"@id\":\"https:\/\/www.archimbaudopticien.com\/blog\/sante-visuelle\/fatigue-visuelle-liee-aux-ecrans\",\"url\":\"https:\/\/www.archimbaudopticien.com\/blog\/sante-visuelle\/fatigue-visuelle-liee-aux-ecrans\",\"name\":\"Fatigue visuelle li\u00e9e aux \u00e9crans | Archimbaud Opticien Blog\",\"isPartOf\":{\"@id\":\"https:\/\/www.archimbaudopticien.com\/blog\/#website\"},\"primaryImageOfPage\":{\"@id\":\"https:\/\/www.archimbaudopticien.com\/blog\/sante-visuelle\/fatigue-visuelle-liee-aux-ecrans#primaryimage\"},\"image\":{\"@id\":\"https:\/\/www.archimbaudopticien.com\/blog\/sante-visuelle\/fatigue-visuelle-liee-aux-ecrans#primaryimage\"},\"thumbnailUrl\":\"https:\/\/www.archimbaudopticien.com\/blog\/wp-content\/uploads\/2025\/11\/fatigue-visuelle-et-ecrans-archimbaud-opticien.jpg\",\"datePublished\":\"2025-11-14T10:01:03+00:00\",\"dateModified\":\"2025-11-14T10:27:41+00:00\",\"description\":\"Fatigue visuelle li\u00e9e aux \u00e9crans : causes, sympt\u00f4mes et solutions. Archimbaud Opticien vous aide \u00e0 soulager vos yeux et \u00e0 am\u00e9liorer votre confort num\u00e9rique.\",\"breadcrumb\":{\"@id\":\"https:\/\/www.archimbaudopticien.com\/blog\/sante-visuelle\/fatigue-visuelle-liee-aux-ecrans#breadcrumb\"},\"inLanguage\":\"fr-FR\",\"potentialAction\":[{\"@type\":\"ReadAction\",\"target\":[\"https:\/\/www.archimbaudopticien.com\/blog\/sante-visuelle\/fatigue-visuelle-liee-aux-ecrans\"]}]},{\"@type\":\"ImageObject\",\"inLanguage\":\"fr-FR\",\"@id\":\"https:\/\/www.archimbaudopticien.com\/blog\/sante-visuelle\/fatigue-visuelle-liee-aux-ecrans#primaryimage\",\"url\":\"https:\/\/www.archimbaudopticien.com\/blog\/wp-content\/uploads\/2025\/11\/fatigue-visuelle-et-ecrans-archimbaud-opticien.jpg\",\"contentUrl\":\"https:\/\/www.archimbaudopticien.com\/blog\/wp-content\/uploads\/2025\/11\/fatigue-visuelle-et-ecrans-archimbaud-opticien.jpg\",\"width\":1800,\"height\":1018},{\"@type\":\"BreadcrumbList\",\"@id\":\"https:\/\/www.archimbaudopticien.com\/blog\/sante-visuelle\/fatigue-visuelle-liee-aux-ecrans#breadcrumb\",\"itemListElement\":[{\"@type\":\"ListItem\",\"position\":1,\"name\":\"Accueil\",\"item\":\"https:\/\/www.archimbaudopticien.com\/blog\/\"},{\"@type\":\"ListItem\",\"position\":2,\"name\":\"Fatigue visuelle li\u00e9e aux \u00e9crans\"}]},{\"@type\":\"WebSite\",\"@id\":\"https:\/\/www.archimbaudopticien.com\/blog\/#website\",\"url\":\"https:\/\/www.archimbaudopticien.com\/blog\/\",\"name\":\"Archimbaud Opticien\",\"description\":\"\",\"publisher\":{\"@id\":\"https:\/\/www.archimbaudopticien.com\/blog\/#organization\"},\"potentialAction\":[{\"@type\":\"SearchAction\",\"target\":{\"@type\":\"EntryPoint\",\"urlTemplate\":\"https:\/\/www.archimbaudopticien.com\/blog\/?s={search_term_string}\"},\"query-input\":{\"@type\":\"PropertyValueSpecification\",\"valueRequired\":true,\"valueName\":\"search_term_string\"}}],\"inLanguage\":\"fr-FR\"},{\"@type\":\"Organization\",\"@id\":\"https:\/\/www.archimbaudopticien.com\/blog\/#organization\",\"name\":\"Blog d'Archimbaud Opticien\",\"url\":\"https:\/\/www.archimbaudopticien.com\/blog\/\",\"logo\":{\"@type\":\"ImageObject\",\"inLanguage\":\"fr-FR\",\"@id\":\"https:\/\/www.archimbaudopticien.com\/blog\/#\/schema\/logo\/image\/\",\"url\":\"https:\/\/www.archimbaudopticien.com\/blog\/wp-content\/uploads\/2025\/09\/Logo-Noir-transparent-scaled.png\",\"contentUrl\":\"https:\/\/www.archimbaudopticien.com\/blog\/wp-content\/uploads\/2025\/09\/Logo-Noir-transparent-scaled.png\",\"width\":2560,\"height\":1979,\"caption\":\"Blog d'Archimbaud Opticien\"},\"image\":{\"@id\":\"https:\/\/www.archimbaudopticien.com\/blog\/#\/schema\/logo\/image\/\"},\"sameAs\":[\"https:\/\/www.facebook.com\/archimbaudopticien\",\"https:\/\/www.instagram.com\/archimbaudopticien\/\"]},{\"@type\":\"Person\",\"@id\":\"https:\/\/www.archimbaudopticien.com\/blog\/#\/schema\/person\/99b42cc6c97675964638728229b4a8d0\",\"name\":\"Dominique\",\"image\":{\"@type\":\"ImageObject\",\"inLanguage\":\"fr-FR\",\"@id\":\"https:\/\/www.archimbaudopticien.com\/blog\/#\/schema\/person\/image\/\",\"url\":\"https:\/\/secure.gravatar.com\/avatar\/7a9fdaa140318010833413ca2caac72e865e73327cd70955c97de10ce0a27972?s=96&d=mm&r=g\",\"contentUrl\":\"https:\/\/secure.gravatar.com\/avatar\/7a9fdaa140318010833413ca2caac72e865e73327cd70955c97de10ce0a27972?s=96&d=mm&r=g\",\"caption\":\"Dominique\"},\"url\":\"https:\/\/www.archimbaudopticien.com\/blog\/author\/communilink\"}]}<\/script>\n<!-- \/ Yoast SEO plugin. -->","yoast_head_json":{"title":"Fatigue visuelle li\u00e9e aux \u00e9crans | Archimbaud Opticien Blog","description":"Fatigue visuelle li\u00e9e aux \u00e9crans : causes, sympt\u00f4mes et solutions. Archimbaud Opticien vous aide \u00e0 soulager vos yeux et \u00e0 am\u00e9liorer votre confort num\u00e9rique.","robots":{"index":"index","follow":"follow","max-snippet":"max-snippet:-1","max-image-preview":"max-image-preview:large","max-video-preview":"max-video-preview:-1"},"canonical":"https:\/\/www.archimbaudopticien.com\/blog\/sante-visuelle\/fatigue-visuelle-liee-aux-ecrans","og_locale":"fr_FR","og_type":"article","og_title":"Fatigue visuelle li\u00e9e aux \u00e9crans | Archimbaud Opticien Blog","og_description":"Fatigue visuelle li\u00e9e aux \u00e9crans : causes, sympt\u00f4mes et solutions. Archimbaud Opticien vous aide \u00e0 soulager vos yeux et \u00e0 am\u00e9liorer votre confort num\u00e9rique.","og_url":"https:\/\/www.archimbaudopticien.com\/blog\/sante-visuelle\/fatigue-visuelle-liee-aux-ecrans","og_site_name":"Archimbaud Opticien Blog","article_publisher":"https:\/\/www.facebook.com\/archimbaudopticien","article_published_time":"2025-11-14T10:01:03+00:00","article_modified_time":"2025-11-14T10:27:41+00:00","og_image":[{"width":1800,"height":1018,"url":"https:\/\/www.archimbaudopticien.com\/blog\/wp-content\/uploads\/2025\/11\/fatigue-visuelle-et-ecrans-archimbaud-opticien.jpg","type":"image\/jpeg"}],"author":"Dominique","twitter_card":"summary_large_image","twitter_misc":{"\u00c9crit par":"Dominique","Dur\u00e9e de lecture estim\u00e9e":"6 minutes"},"schema":{"@context":"https:\/\/schema.org","@graph":[{"@type":"Article","@id":"https:\/\/www.archimbaudopticien.com\/blog\/sante-visuelle\/fatigue-visuelle-liee-aux-ecrans#article","isPartOf":{"@id":"https:\/\/www.archimbaudopticien.com\/blog\/sante-visuelle\/fatigue-visuelle-liee-aux-ecrans"},"author":{"name":"Dominique","@id":"https:\/\/www.archimbaudopticien.com\/blog\/#\/schema\/person\/99b42cc6c97675964638728229b4a8d0"},"headline":"Fatigue visuelle li\u00e9e aux \u00e9crans","datePublished":"2025-11-14T10:01:03+00:00","dateModified":"2025-11-14T10:27:41+00:00","mainEntityOfPage":{"@id":"https:\/\/www.archimbaudopticien.com\/blog\/sante-visuelle\/fatigue-visuelle-liee-aux-ecrans"},"wordCount":2386,"publisher":{"@id":"https:\/\/www.archimbaudopticien.com\/blog\/#organization"},"image":{"@id":"https:\/\/www.archimbaudopticien.com\/blog\/sante-visuelle\/fatigue-visuelle-liee-aux-ecrans#primaryimage"},"thumbnailUrl":"https:\/\/www.archimbaudopticien.com\/blog\/wp-content\/uploads\/2025\/11\/fatigue-visuelle-et-ecrans-archimbaud-opticien.jpg","keywords":["\u00c9crans","Fatigue Visuelle","Lumi\u00e8re Bleue","Pr\u00e9vention","Protection","Sant\u00e9 Visuelle"],"articleSection":["Sant\u00e9 Visuelle"],"inLanguage":"fr-FR"},{"@type":"WebPage","@id":"https:\/\/www.archimbaudopticien.com\/blog\/sante-visuelle\/fatigue-visuelle-liee-aux-ecrans","url":"https:\/\/www.archimbaudopticien.com\/blog\/sante-visuelle\/fatigue-visuelle-liee-aux-ecrans","name":"Fatigue visuelle li\u00e9e aux \u00e9crans | Archimbaud Opticien Blog","isPartOf":{"@id":"https:\/\/www.archimbaudopticien.com\/blog\/#website"},"primaryImageOfPage":{"@id":"https:\/\/www.archimbaudopticien.com\/blog\/sante-visuelle\/fatigue-visuelle-liee-aux-ecrans#primaryimage"},"image":{"@id":"https:\/\/www.archimbaudopticien.com\/blog\/sante-visuelle\/fatigue-visuelle-liee-aux-ecrans#primaryimage"},"thumbnailUrl":"https:\/\/www.archimbaudopticien.com\/blog\/wp-content\/uploads\/2025\/11\/fatigue-visuelle-et-ecrans-archimbaud-opticien.jpg","datePublished":"2025-11-14T10:01:03+00:00","dateModified":"2025-11-14T10:27:41+00:00","description":"Fatigue visuelle li\u00e9e aux \u00e9crans : causes, sympt\u00f4mes et solutions. Archimbaud Opticien vous aide \u00e0 soulager vos yeux et \u00e0 am\u00e9liorer votre confort num\u00e9rique.","breadcrumb":{"@id":"https:\/\/www.archimbaudopticien.com\/blog\/sante-visuelle\/fatigue-visuelle-liee-aux-ecrans#breadcrumb"},"inLanguage":"fr-FR","potentialAction":[{"@type":"ReadAction","target":["https:\/\/www.archimbaudopticien.com\/blog\/sante-visuelle\/fatigue-visuelle-liee-aux-ecrans"]}]},{"@type":"ImageObject","inLanguage":"fr-FR","@id":"https:\/\/www.archimbaudopticien.com\/blog\/sante-visuelle\/fatigue-visuelle-liee-aux-ecrans#primaryimage","url":"https:\/\/www.archimbaudopticien.com\/blog\/wp-content\/uploads\/2025\/11\/fatigue-visuelle-et-ecrans-archimbaud-opticien.jpg","contentUrl":"https:\/\/www.archimbaudopticien.com\/blog\/wp-content\/uploads\/2025\/11\/fatigue-visuelle-et-ecrans-archimbaud-opticien.jpg","width":1800,"height":1018},{"@type":"BreadcrumbList","@id":"https:\/\/www.archimbaudopticien.com\/blog\/sante-visuelle\/fatigue-visuelle-liee-aux-ecrans#breadcrumb","itemListElement":[{"@type":"ListItem","position":1,"name":"Accueil","item":"https:\/\/www.archimbaudopticien.com\/blog\/"},{"@type":"ListItem","position":2,"name":"Fatigue visuelle li\u00e9e aux \u00e9crans"}]},{"@type":"WebSite","@id":"https:\/\/www.archimbaudopticien.com\/blog\/#website","url":"https:\/\/www.archimbaudopticien.com\/blog\/","name":"Archimbaud Opticien","description":"","publisher":{"@id":"https:\/\/www.archimbaudopticien.com\/blog\/#organization"},"potentialAction":[{"@type":"SearchAction","target":{"@type":"EntryPoint","urlTemplate":"https:\/\/www.archimbaudopticien.com\/blog\/?s={search_term_string}"},"query-input":{"@type":"PropertyValueSpecification","valueRequired":true,"valueName":"search_term_string"}}],"inLanguage":"fr-FR"},{"@type":"Organization","@id":"https:\/\/www.archimbaudopticien.com\/blog\/#organization","name":"Blog d'Archimbaud Opticien","url":"https:\/\/www.archimbaudopticien.com\/blog\/","logo":{"@type":"ImageObject","inLanguage":"fr-FR","@id":"https:\/\/www.archimbaudopticien.com\/blog\/#\/schema\/logo\/image\/","url":"https:\/\/www.archimbaudopticien.com\/blog\/wp-content\/uploads\/2025\/09\/Logo-Noir-transparent-scaled.png","contentUrl":"https:\/\/www.archimbaudopticien.com\/blog\/wp-content\/uploads\/2025\/09\/Logo-Noir-transparent-scaled.png","width":2560,"height":1979,"caption":"Blog d'Archimbaud Opticien"},"image":{"@id":"https:\/\/www.archimbaudopticien.com\/blog\/#\/schema\/logo\/image\/"},"sameAs":["https:\/\/www.facebook.com\/archimbaudopticien","https:\/\/www.instagram.com\/archimbaudopticien\/"]},{"@type":"Person","@id":"https:\/\/www.archimbaudopticien.com\/blog\/#\/schema\/person\/99b42cc6c97675964638728229b4a8d0","name":"Dominique","image":{"@type":"ImageObject","inLanguage":"fr-FR","@id":"https:\/\/www.archimbaudopticien.com\/blog\/#\/schema\/person\/image\/","url":"https:\/\/secure.gravatar.com\/avatar\/7a9fdaa140318010833413ca2caac72e865e73327cd70955c97de10ce0a27972?s=96&d=mm&r=g","contentUrl":"https:\/\/secure.gravatar.com\/avatar\/7a9fdaa140318010833413ca2caac72e865e73327cd70955c97de10ce0a27972?s=96&d=mm&r=g","caption":"Dominique"},"url":"https:\/\/www.archimbaudopticien.com\/blog\/author\/communilink"}]}},"_links":{"self":[{"href":"https:\/\/www.archimbaudopticien.com\/blog\/wp-json\/wp\/v2\/posts\/1480","targetHints":{"allow":["GET"]}}],"collection":[{"href":"https:\/\/www.archimbaudopticien.com\/blog\/wp-json\/wp\/v2\/posts"}],"about":[{"href":"https:\/\/www.archimbaudopticien.com\/blog\/wp-json\/wp\/v2\/types\/post"}],"author":[{"embeddable":true,"href":"https:\/\/www.archimbaudopticien.com\/blog\/wp-json\/wp\/v2\/users\/3"}],"replies":[{"embeddable":true,"href":"https:\/\/www.archimbaudopticien.com\/blog\/wp-json\/wp\/v2\/comments?post=1480"}],"version-history":[{"count":2,"href":"https:\/\/www.archimbaudopticien.com\/blog\/wp-json\/wp\/v2\/posts\/1480\/revisions"}],"predecessor-version":[{"id":1489,"href":"https:\/\/www.archimbaudopticien.com\/blog\/wp-json\/wp\/v2\/posts\/1480\/revisions\/1489"}],"wp:featuredmedia":[{"embeddable":true,"href":"https:\/\/www.archimbaudopticien.com\/blog\/wp-json\/wp\/v2\/media\/1481"}],"wp:attachment":[{"href":"https:\/\/www.archimbaudopticien.com\/blog\/wp-json\/wp\/v2\/media?parent=1480"}],"wp:term":[{"taxonomy":"category","embeddable":true,"href":"https:\/\/www.archimbaudopticien.com\/blog\/wp-json\/wp\/v2\/categories?post=1480"},{"taxonomy":"post_tag","embeddable":true,"href":"https:\/\/www.archimbaudopticien.com\/blog\/wp-json\/wp\/v2\/tags?post=1480"}],"curies":[{"name":"wp","href":"https:\/\/api.w.org\/{rel}","templated":true}]}}