{"id":507,"date":"2025-09-16T16:11:30","date_gmt":"2025-09-16T14:11:30","guid":{"rendered":"https:\/\/www.archimbaudopticien.com\/blog\/?p=507"},"modified":"2025-11-14T11:27:43","modified_gmt":"2025-11-14T10:27:43","slug":"tout-savoir-sur-la-dmla","status":"publish","type":"post","link":"https:\/\/www.archimbaudopticien.com\/blog\/sante-visuelle\/tout-savoir-sur-la-dmla","title":{"rendered":"Tout savoir sur la DMLA"},"content":{"rendered":"[vc_row type=\u00a0\u00bbfull_width_content\u00a0\u00bb full_screen_row_position=\u00a0\u00bbmiddle\u00a0\u00bb column_margin=\u00a0\u00bbdefault\u00a0\u00bb column_direction=\u00a0\u00bbdefault\u00a0\u00bb column_direction_tablet=\u00a0\u00bbdefault\u00a0\u00bb column_direction_phone=\u00a0\u00bbdefault\u00a0\u00bb bg_color=\u00a0\u00bb#2B323A00&Prime; bg_image=\u00a0\u00bb508&Prime; bg_position=\u00a0\u00bbcenter center\u00a0\u00bb background_image_loading=\u00a0\u00bbdefault\u00a0\u00bb bg_repeat=\u00a0\u00bbno-repeat\u00a0\u00bb scene_position=\u00a0\u00bbcenter\u00a0\u00bb top_padding=\u00a0\u00bb12%\u00a0\u00bb bottom_padding=\u00a0\u00bb2%\u00a0\u00bb left_padding_desktop=\u00a0\u00bb8%\u00a0\u00bb constrain_group_2=\u00a0\u00bbyes\u00a0\u00bb right_padding_desktop=\u00a0\u00bb8%\u00a0\u00bb top_margin=\u00a0\u00bb0&Prime; text_color=\u00a0\u00bblight\u00a0\u00bb text_align=\u00a0\u00bbleft\u00a0\u00bb row_border_radius=\u00a0\u00bbnone\u00a0\u00bb row_border_radius_applies=\u00a0\u00bbbg\u00a0\u00bb zindex=\u00a0\u00bb100&Prime; overflow=\u00a0\u00bbhidden\u00a0\u00bb color_overlay=\u00a0\u00bbrgba(0,0,0,0.78)\u00a0\u00bb advanced_gradient_angle=\u00a0\u00bb0&Prime; overlay_strength=\u00a0\u00bb0.3&Prime; gradient_direction=\u00a0\u00bbradial\u00a0\u00bb shape_divider_position=\u00a0\u00bbbottom\u00a0\u00bb bg_image_animation=\u00a0\u00bbfade-in\u00a0\u00bb mobile_disable_bg_image_animation=\u00a0\u00bbtrue\u00a0\u00bb shape_type=\u00a0\u00bb\u00a0\u00bb gradient_type=\u00a0\u00bbdefault\u00a0\u00bb][vc_column column_padding=\u00a0\u00bbno-extra-padding\u00a0\u00bb column_padding_tablet=\u00a0\u00bbinherit\u00a0\u00bb column_padding_phone=\u00a0\u00bbinherit\u00a0\u00bb column_padding_position=\u00a0\u00bbtop-bottom\u00a0\u00bb column_element_direction_desktop=\u00a0\u00bbdefault\u00a0\u00bb column_element_spacing=\u00a0\u00bb0px\u00a0\u00bb desktop_text_alignment=\u00a0\u00bbdefault\u00a0\u00bb tablet_text_alignment=\u00a0\u00bbdefault\u00a0\u00bb phone_text_alignment=\u00a0\u00bbdefault\u00a0\u00bb background_color_opacity=\u00a0\u00bb1&Prime; background_hover_color_opacity=\u00a0\u00bb1&Prime; column_backdrop_filter=\u00a0\u00bbnone\u00a0\u00bb column_shadow=\u00a0\u00bbnone\u00a0\u00bb column_border_radius=\u00a0\u00bbnone\u00a0\u00bb column_link_target=\u00a0\u00bb_self\u00a0\u00bb column_position=\u00a0\u00bbstatic\u00a0\u00bb advanced_gradient_angle=\u00a0\u00bb0&Prime; gradient_direction=\u00a0\u00bbleft_to_right\u00a0\u00bb overlay_strength=\u00a0\u00bb0.3&Prime; width=\u00a0\u00bb1\/1&Prime; tablet_width_inherit=\u00a0\u00bbdefault\u00a0\u00bb animation_type=\u00a0\u00bbdefault\u00a0\u00bb bg_image_animation=\u00a0\u00bbnone\u00a0\u00bb border_type=\u00a0\u00bbsimple\u00a0\u00bb column_border_width=\u00a0\u00bbnone\u00a0\u00bb column_border_style=\u00a0\u00bbsolid\u00a0\u00bb gradient_type=\u00a0\u00bbdefault\u00a0\u00bb column_padding_type=\u00a0\u00bbdefault\u00a0\u00bb][vc_row_inner column_margin=\u00a0\u00bbnone\u00a0\u00bb column_direction=\u00a0\u00bbdefault\u00a0\u00bb column_direction_tablet=\u00a0\u00bbdefault\u00a0\u00bb column_direction_phone=\u00a0\u00bbdefault\u00a0\u00bb left_padding_desktop=\u00a0\u00bb20%\u00a0\u00bb constrain_group_2=\u00a0\u00bbyes\u00a0\u00bb right_padding_desktop=\u00a0\u00bb20%\u00a0\u00bb text_align=\u00a0\u00bbleft\u00a0\u00bb row_position=\u00a0\u00bbdefault\u00a0\u00bb row_position_tablet=\u00a0\u00bbinherit\u00a0\u00bb row_position_phone=\u00a0\u00bbinherit\u00a0\u00bb zindex=\u00a0\u00bb10&Prime; overflow=\u00a0\u00bbvisible\u00a0\u00bb pointer_events=\u00a0\u00bball\u00a0\u00bb][vc_column_inner column_padding=\u00a0\u00bbno-extra-padding\u00a0\u00bb column_padding_tablet=\u00a0\u00bbinherit\u00a0\u00bb column_padding_phone=\u00a0\u00bbinherit\u00a0\u00bb column_padding_position=\u00a0\u00bbbottom\u00a0\u00bb column_element_direction_desktop=\u00a0\u00bbdefault\u00a0\u00bb column_element_spacing=\u00a0\u00bbdefault\u00a0\u00bb centered_text=\u00a0\u00bbtrue\u00a0\u00bb desktop_text_alignment=\u00a0\u00bbdefault\u00a0\u00bb tablet_text_alignment=\u00a0\u00bbdefault\u00a0\u00bb phone_text_alignment=\u00a0\u00bbdefault\u00a0\u00bb background_color_opacity=\u00a0\u00bb1&Prime; background_hover_color_opacity=\u00a0\u00bb1&Prime; column_backdrop_filter=\u00a0\u00bbnone\u00a0\u00bb column_shadow=\u00a0\u00bbnone\u00a0\u00bb column_border_radius=\u00a0\u00bbnone\u00a0\u00bb column_link_target=\u00a0\u00bb_self\u00a0\u00bb overflow=\u00a0\u00bbvisible\u00a0\u00bb advanced_gradient_angle=\u00a0\u00bb0&Prime; gradient_direction=\u00a0\u00bbleft_to_right\u00a0\u00bb overlay_strength=\u00a0\u00bb0.3&Prime; width=\u00a0\u00bb1\/1&Prime; tablet_width_inherit=\u00a0\u00bbdefault\u00a0\u00bb animation_type=\u00a0\u00bbdefault\u00a0\u00bb bg_image_animation=\u00a0\u00bbnone\u00a0\u00bb border_type=\u00a0\u00bbsimple\u00a0\u00bb column_border_width=\u00a0\u00bbnone\u00a0\u00bb column_border_style=\u00a0\u00bbsolid\u00a0\u00bb gradient_type=\u00a0\u00bbdefault\u00a0\u00bb column_padding_type=\u00a0\u00bbdefault\u00a0\u00bb][split_line_heading animation_type=\u00a0\u00bbline-reveal-by-space\u00a0\u00bb font_style=\u00a0\u00bbh1&Prime; text_color=\u00a0\u00bb#FFFFFF\u00a0\u00bb line_reveal_by_space_text_effect=\u00a0\u00bbletter-reveal-bottom\u00a0\u00bb content_alignment=\u00a0\u00bbcenter\u00a0\u00bb mobile_content_alignment=\u00a0\u00bbcenter\u00a0\u00bb link_target=\u00a0\u00bb_self\u00a0\u00bb text_content=\u00a0\u00bbTout savoir sur la DMLA\u00a0\u00bb font_size=\u00a0\u00bb6vw\u00a0\u00bb font_line_height=\u00a0\u00bb1,2&Prime; font_size_tablet=\u00a0\u00bb10vw\u00a0\u00bb text_direction=\u00a0\u00bbdefault\u00a0\u00bb][\/split_line_heading][nectar_cta btn_style=\u00a0\u00bbnext-section\u00a0\u00bb btn_type=\u00a0\u00bbminimal-arrow\u00a0\u00bb next_section_color=\u00a0\u00bb#FFFFFF\u00a0\u00bb alignment=\u00a0\u00bbcenter\u00a0\u00bb alignment_tablet=\u00a0\u00bbdefault\u00a0\u00bb alignment_phone=\u00a0\u00bbcenter\u00a0\u00bb display_tablet=\u00a0\u00bbinherit\u00a0\u00bb display_phone=\u00a0\u00bbinherit\u00a0\u00bb][\/vc_column_inner][\/vc_row_inner][\/vc_column][\/vc_row][vc_row type=\u00a0\u00bbin_container\u00a0\u00bb full_screen_row_position=\u00a0\u00bbmiddle\u00a0\u00bb column_margin=\u00a0\u00bbdefault\u00a0\u00bb column_direction=\u00a0\u00bbdefault\u00a0\u00bb column_direction_tablet=\u00a0\u00bbdefault\u00a0\u00bb column_direction_phone=\u00a0\u00bbdefault\u00a0\u00bb scene_position=\u00a0\u00bbcenter\u00a0\u00bb left_padding_desktop=\u00a0\u00bb4%\u00a0\u00bb constrain_group_2=\u00a0\u00bbyes\u00a0\u00bb right_padding_desktop=\u00a0\u00bb4%\u00a0\u00bb text_color=\u00a0\u00bbdark\u00a0\u00bb text_align=\u00a0\u00bbleft\u00a0\u00bb row_border_radius=\u00a0\u00bbnone\u00a0\u00bb row_border_radius_applies=\u00a0\u00bbbg\u00a0\u00bb overflow=\u00a0\u00bbvisible\u00a0\u00bb overlay_strength=\u00a0\u00bb0.3&Prime; gradient_direction=\u00a0\u00bbleft_to_right\u00a0\u00bb shape_divider_position=\u00a0\u00bbbottom\u00a0\u00bb bg_image_animation=\u00a0\u00bbnone\u00a0\u00bb gradient_type=\u00a0\u00bbdefault\u00a0\u00bb shape_type=\u00a0\u00bb\u00a0\u00bb][vc_column column_padding=\u00a0\u00bbpadding-5-percent\u00a0\u00bb column_padding_tablet=\u00a0\u00bbinherit\u00a0\u00bb column_padding_phone=\u00a0\u00bbpadding-3-percent\u00a0\u00bb column_padding_position=\u00a0\u00bbtop-bottom\u00a0\u00bb column_element_direction_desktop=\u00a0\u00bbdefault\u00a0\u00bb column_element_spacing=\u00a0\u00bbdefault\u00a0\u00bb desktop_text_alignment=\u00a0\u00bbdefault\u00a0\u00bb tablet_text_alignment=\u00a0\u00bbdefault\u00a0\u00bb phone_text_alignment=\u00a0\u00bbdefault\u00a0\u00bb background_color_opacity=\u00a0\u00bb1&Prime; background_hover_color_opacity=\u00a0\u00bb1&Prime; column_backdrop_filter=\u00a0\u00bbnone\u00a0\u00bb column_shadow=\u00a0\u00bbnone\u00a0\u00bb column_border_radius=\u00a0\u00bbnone\u00a0\u00bb column_link_target=\u00a0\u00bb_self\u00a0\u00bb column_position=\u00a0\u00bbdefault\u00a0\u00bb gradient_direction=\u00a0\u00bbleft_to_right\u00a0\u00bb overlay_strength=\u00a0\u00bb0.3&Prime; width=\u00a0\u00bb1\/1&Prime; tablet_width_inherit=\u00a0\u00bbdefault\u00a0\u00bb animation_type=\u00a0\u00bbdefault\u00a0\u00bb bg_image_animation=\u00a0\u00bbnone\u00a0\u00bb border_type=\u00a0\u00bbsimple\u00a0\u00bb column_border_width=\u00a0\u00bbnone\u00a0\u00bb column_border_style=\u00a0\u00bbsolid\u00a0\u00bb column_padding_type=\u00a0\u00bbdefault\u00a0\u00bb gradient_type=\u00a0\u00bbdefault\u00a0\u00bb][split_line_heading animation_type=\u00a0\u00bbline-reveal-by-space\u00a0\u00bb font_style=\u00a0\u00bbh2&Prime; text_color=\u00a0\u00bb#333333&Prime; line_reveal_by_space_text_effect=\u00a0\u00bbletter-reveal-bottom\u00a0\u00bb content_alignment=\u00a0\u00bbdefault\u00a0\u00bb mobile_content_alignment=\u00a0\u00bbinherit\u00a0\u00bb link_target=\u00a0\u00bb_self\u00a0\u00bb text_content=\u00a0\u00bbDMLA : comprendre la d\u00e9g\u00e9n\u00e9rescence maculaire li\u00e9e \u00e0 l\u2019\u00e2ge.\u00a0\u00bb text_direction=\u00a0\u00bbdefault\u00a0\u00bb][\/split_line_heading][divider line_type=\u00a0\u00bbNo Line\u00a0\u00bb custom_height=\u00a0\u00bb50px\u00a0\u00bb][vc_column_text css=\u00a0\u00bb\u00a0\u00bb text_direction=\u00a0\u00bbdefault\u00a0\u00bb]<strong>La DMLA, d\u00e9g\u00e9n\u00e9rescence maculaire li\u00e9e \u00e0 l\u2019\u00e2ge<\/strong>, est une maladie chronique de la r\u00e9tine qui touche en priorit\u00e9 les personnes de plus de 55 ans. Elle s\u2019attaque \u00e0 la macula, une zone minuscule mais essentielle de l\u2019\u0153il, responsable de la vision centrale fine et des d\u00e9tails. Lire un livre, reconna\u00eetre un visage, distinguer les contrastes : toutes ces activit\u00e9s deviennent difficiles lorsque la macula est alt\u00e9r\u00e9e.<br \/>\nDans les pays industrialis\u00e9s, la DMLA est <strong>l\u2019une des principales causes de perte visuelle irr\u00e9versible<\/strong>. Pourtant, une meilleure information et un d\u00e9pistage pr\u00e9coce permettent souvent de ralentir son \u00e9volution. Chez <strong>Archimbaud Opticien<\/strong>, \u00e0 Marseille et Salon-de-Provence, nous sensibilisons r\u00e9guli\u00e8rement nos clients \u00e0 l\u2019importance de la pr\u00e9vention, car pr\u00e9server la vision centrale, c\u2019est pr\u00e9server une part essentielle de l\u2019autonomie au quotidien.[\/vc_column_text][divider line_type=\u00a0\u00bbNo Line\u00a0\u00bb custom_height=\u00a0\u00bb50px\u00a0\u00bb][split_line_heading animation_type=\u00a0\u00bbline-reveal-by-space\u00a0\u00bb font_style=\u00a0\u00bbh3&Prime; text_color=\u00a0\u00bb#333333&Prime; line_reveal_by_space_text_effect=\u00a0\u00bbletter-reveal-bottom\u00a0\u00bb content_alignment=\u00a0\u00bbdefault\u00a0\u00bb mobile_content_alignment=\u00a0\u00bbinherit\u00a0\u00bb link_target=\u00a0\u00bb_self\u00a0\u00bb text_content=\u00a0\u00bbQu\u2019est-ce que la DMLA ?\u00a0\u00bb text_direction=\u00a0\u00bbdefault\u00a0\u00bb][\/split_line_heading][divider line_type=\u00a0\u00bbFull Width Line\u00a0\u00bb line_thickness=\u00a0\u00bb1&Prime; divider_color=\u00a0\u00bbaccent-color\u00a0\u00bb][divider line_type=\u00a0\u00bbNo Line\u00a0\u00bb custom_height=\u00a0\u00bb15px\u00a0\u00bb][vc_column_text css=\u00a0\u00bb\u00a0\u00bb text_direction=\u00a0\u00bbdefault\u00a0\u00bb]<strong>La DMLA est une maladie progressive<\/strong> qui d\u00e9truit peu \u00e0 peu les cellules photor\u00e9ceptrices et l\u2019\u00e9pith\u00e9lium pigmentaire de la macula. Elle n\u2019entra\u00eene pas de c\u00e9cit\u00e9 totale, car la vision p\u00e9riph\u00e9rique reste g\u00e9n\u00e9ralement intacte, mais elle compromet fortement les activit\u00e9s n\u00e9cessitant de la pr\u00e9cision.<br \/>\nOn distingue deux grandes formes :<\/p>\n<ul>\n<li><strong>La DMLA s\u00e8che (atrophique)<\/strong> : la plus fr\u00e9quente, repr\u00e9sentant environ 85 \u00e0 90 % des cas. Elle \u00e9volue lentement, par amincissement de la macula, et s\u2019accompagne d\u2019une baisse progressive de la vision centrale.<\/li>\n<li><strong>La DMLA humide (exsudative)<\/strong> : plus rare mais beaucoup plus rapide. Elle se caract\u00e9rise par la formation de vaisseaux sanguins anormaux sous la r\u00e9tine. Ces n\u00e9ovaisseaux fragiles peuvent fuir, provoquant des saignements ou des \u0153d\u00e8mes responsables d\u2019une perte visuelle brutale.<\/li>\n<\/ul>\n<p>Chez Archimbaud Opticien, nous expliquons souvent \u00e0 nos clients que la distinction entre ces deux formes est capitale, car la prise en charge est tr\u00e8s diff\u00e9rente.[\/vc_column_text][divider line_type=\u00a0\u00bbNo Line\u00a0\u00bb custom_height=\u00a0\u00bb50px\u00a0\u00bb][split_line_heading animation_type=\u00a0\u00bbline-reveal-by-space\u00a0\u00bb font_style=\u00a0\u00bbh3&Prime; text_color=\u00a0\u00bb#333333&Prime; line_reveal_by_space_text_effect=\u00a0\u00bbletter-reveal-bottom\u00a0\u00bb content_alignment=\u00a0\u00bbdefault\u00a0\u00bb mobile_content_alignment=\u00a0\u00bbinherit\u00a0\u00bb link_target=\u00a0\u00bb_self\u00a0\u00bb text_content=\u00a0\u00bbLes sympt\u00f4mes \u00e0 surveiller\u00a0\u00bb text_direction=\u00a0\u00bbdefault\u00a0\u00bb][\/split_line_heading][divider line_type=\u00a0\u00bbFull Width Line\u00a0\u00bb line_thickness=\u00a0\u00bb1&Prime; divider_color=\u00a0\u00bbaccent-color\u00a0\u00bb][divider line_type=\u00a0\u00bbNo Line\u00a0\u00bb custom_height=\u00a0\u00bb15px\u00a0\u00bb][vc_column_text css=\u00a0\u00bb\u00a0\u00bb text_direction=\u00a0\u00bbdefault\u00a0\u00bb]La DMLA peut se manifester de fa\u00e7on discr\u00e8te dans ses premiers stades, ce qui explique que de nombreuses personnes tardent \u00e0 consulter. Les signes \u00e9vocateurs sont pourtant parlants :<\/p>\n<ul>\n<li><strong>Vision floue ou d\u00e9form\u00e9e au centre du champ visuel<\/strong>, rendant la lecture difficile.<\/li>\n<li><strong>Lignes droites qui ondulent ou paraissent bris\u00e9es<\/strong> (sympt\u00f4me facilement rep\u00e9rable avec la grille d\u2019Amsler).<\/li>\n<li><strong>Tache sombre<\/strong> (scotome) qui s\u2019installe progressivement au centre de la vision.<\/li>\n<li><strong>Diminution de la perception des contrastes et des couleurs<\/strong>, m\u00eame sous un bon \u00e9clairage.<\/li>\n<\/ul>\n<p>Ces sympt\u00f4mes justifient une consultation rapide chez l\u2019ophtalmologiste. Chez Archimbaud Opticien, nous insistons aupr\u00e8s de nos clients sur le fait qu\u2019un simple contr\u00f4le visuel ne suffit pas : seul un examen ophtalmologique complet peut confirmer le diagnostic.[\/vc_column_text][divider line_type=\u00a0\u00bbNo Line\u00a0\u00bb custom_height=\u00a0\u00bb50px\u00a0\u00bb][split_line_heading animation_type=\u00a0\u00bbline-reveal-by-space\u00a0\u00bb font_style=\u00a0\u00bbh3&Prime; text_color=\u00a0\u00bb#333333&Prime; line_reveal_by_space_text_effect=\u00a0\u00bbletter-reveal-bottom\u00a0\u00bb content_alignment=\u00a0\u00bbdefault\u00a0\u00bb mobile_content_alignment=\u00a0\u00bbinherit\u00a0\u00bb link_target=\u00a0\u00bb_self\u00a0\u00bb text_content=\u00a0\u00bbLes facteurs de risque\u00a0\u00bb text_direction=\u00a0\u00bbdefault\u00a0\u00bb][\/split_line_heading][divider line_type=\u00a0\u00bbFull Width Line\u00a0\u00bb line_thickness=\u00a0\u00bb1&Prime; divider_color=\u00a0\u00bbaccent-color\u00a0\u00bb][divider line_type=\u00a0\u00bbNo Line\u00a0\u00bb custom_height=\u00a0\u00bb15px\u00a0\u00bb][vc_column_text css=\u00a0\u00bb\u00a0\u00bb text_direction=\u00a0\u00bbdefault\u00a0\u00bb]La DMLA est une affection multifactorielle. Certains facteurs \u00e9chappent \u00e0 notre contr\u00f4le, mais d\u2019autres peuvent \u00eatre limit\u00e9s :<\/p>\n<ul>\n<li><strong>L\u2019\u00e2ge<\/strong> : c\u2019est le facteur principal. Le risque augmente nettement apr\u00e8s 60 ans.<\/li>\n<li><strong>Les ant\u00e9c\u00e9dents familiaux<\/strong> : une pr\u00e9disposition g\u00e9n\u00e9tique joue un r\u00f4le majeur.<\/li>\n<li><strong>Le tabac<\/strong> : il multiplie par 2 \u00e0 3 le risque de d\u00e9velopper une DMLA et acc\u00e9l\u00e8re son \u00e9volution.<\/li>\n<li><strong>L\u2019alimentation<\/strong> : un d\u00e9ficit en antioxydants, lut\u00e9ine, z\u00e9axanthine ou om\u00e9ga-3 fragilise les tissus r\u00e9tiniens.<\/li>\n<li><strong>La lumi\u00e8re<\/strong> : l\u2019exposition cumulative \u00e0 la lumi\u00e8re solaire, en particulier aux rayons UV et \u00e0 la lumi\u00e8re bleue, est \u00e9galement suspect\u00e9e d\u2019acc\u00e9l\u00e9rer le vieillissement r\u00e9tinien.<\/li>\n<\/ul>\n<p>Ces donn\u00e9es justifient une vigilance accrue et un suivi r\u00e9gulier. C\u2019est pourquoi Archimbaud Opticien recommande, d\u00e8s 50 ans, de planifier un contr\u00f4le visuel annuel accompagn\u00e9 d\u2019une consultation m\u00e9dicale si des signes apparaissent.[\/vc_column_text][divider line_type=\u00a0\u00bbNo Line\u00a0\u00bb custom_height=\u00a0\u00bb50px\u00a0\u00bb][split_line_heading animation_type=\u00a0\u00bbline-reveal-by-space\u00a0\u00bb font_style=\u00a0\u00bbh3&Prime; text_color=\u00a0\u00bb#333333&Prime; line_reveal_by_space_text_effect=\u00a0\u00bbletter-reveal-bottom\u00a0\u00bb content_alignment=\u00a0\u00bbdefault\u00a0\u00bb mobile_content_alignment=\u00a0\u00bbinherit\u00a0\u00bb link_target=\u00a0\u00bb_self\u00a0\u00bb text_content=\u00a0\u00bbLes traitements disponibles\u00a0\u00bb text_direction=\u00a0\u00bbdefault\u00a0\u00bb][\/split_line_heading][divider line_type=\u00a0\u00bbFull Width Line\u00a0\u00bb line_thickness=\u00a0\u00bb1&Prime; divider_color=\u00a0\u00bbaccent-color\u00a0\u00bb][divider line_type=\u00a0\u00bbNo Line\u00a0\u00bb custom_height=\u00a0\u00bb15px\u00a0\u00bb][vc_column_text css=\u00a0\u00bb\u00a0\u00bb text_direction=\u00a0\u00bbdefault\u00a0\u00bb]Aujourd\u2019hui, il n\u2019existe pas de traitement curatif d\u00e9finitif de la DMLA, mais la recherche progresse. Les approches actuelles visent \u00e0 ralentir la progression et \u00e0 pr\u00e9server la vision restante :<\/p>\n<ul>\n<li><strong>Suppl\u00e9mentation nutritionnelle<\/strong> : des compl\u00e9ments \u00e0 base d\u2019antioxydants, vitamines C et E, zinc, lut\u00e9ine et om\u00e9ga-3 peuvent r\u00e9duire le risque de progression dans les formes s\u00e8ches interm\u00e9diaires.<\/li>\n<li><strong>Injections intra-vitr\u00e9ennes<\/strong> : dans la DMLA humide, les anti-VEGF (anti-facteur de croissance vasculaire endoth\u00e9lial) bloquent la croissance des n\u00e9ovaisseaux. Ces injections, r\u00e9alis\u00e9es r\u00e9guli\u00e8rement, ont r\u00e9volutionn\u00e9 la prise en charge, permettant parfois une stabilisation durable de la vision.<\/li>\n<li><strong>Aides visuelles sp\u00e9cifiques<\/strong> : loupes \u00e9lectroniques, t\u00e9l\u00e9agrandisseurs, filtres contrastants ou lunettes adapt\u00e9es. Ces dispositifs ne gu\u00e9rissent pas la DMLA mais am\u00e9liorent consid\u00e9rablement l\u2019autonomie au quotidien.<\/li>\n<\/ul>\n<p>Chez Archimbaud Opticien, nous proposons aux patients atteints de basse vision une gamme de solutions optiques personnalis\u00e9es, en fonction de leurs besoins (lecture, d\u00e9placements, loisirs), pour redonner confort et confiance.[\/vc_column_text][divider line_type=\u00a0\u00bbNo Line\u00a0\u00bb custom_height=\u00a0\u00bb50px\u00a0\u00bb][split_line_heading animation_type=\u00a0\u00bbline-reveal-by-space\u00a0\u00bb font_style=\u00a0\u00bbh3&Prime; text_color=\u00a0\u00bb#333333&Prime; line_reveal_by_space_text_effect=\u00a0\u00bbletter-reveal-bottom\u00a0\u00bb content_alignment=\u00a0\u00bbdefault\u00a0\u00bb mobile_content_alignment=\u00a0\u00bbinherit\u00a0\u00bb link_target=\u00a0\u00bb_self\u00a0\u00bb text_content=\u00a0\u00bbPr\u00e9vention et conseils pratiques\u00a0\u00bb text_direction=\u00a0\u00bbdefault\u00a0\u00bb][\/split_line_heading][divider line_type=\u00a0\u00bbFull Width Line\u00a0\u00bb line_thickness=\u00a0\u00bb1&Prime; divider_color=\u00a0\u00bbaccent-color\u00a0\u00bb][divider line_type=\u00a0\u00bbNo Line\u00a0\u00bb custom_height=\u00a0\u00bb15px\u00a0\u00bb][vc_column_text css=\u00a0\u00bb\u00a0\u00bb text_direction=\u00a0\u00bbdefault\u00a0\u00bb]M\u00eame si l\u2019\u00e2ge reste le facteur majeur, chacun peut agir sur certains aspects de son mode de vie pour r\u00e9duire les risques :<\/p>\n<ul>\n<li><strong>Alimentation \u00e9quilibr\u00e9e<\/strong> : privil\u00e9gier les l\u00e9gumes verts (\u00e9pinards, brocoli, chou kale), les fruits rouges riches en antioxydants et les poissons gras (saumon, maquereau, sardine).<\/li>\n<li><strong>Protection solaire adapt\u00e9e<\/strong> : porter des lunettes de soleil de qualit\u00e9 filtrant 100 % des UV et une partie de la lumi\u00e8re bleue nocive.<\/li>\n<li>Arr\u00eat du tabac : la mesure la plus efficace pour r\u00e9duire le risque et ralentir l\u2019\u00e9volution.<\/li>\n<li><strong>Activit\u00e9 physique r\u00e9guli\u00e8re<\/strong> : b\u00e9n\u00e9fique pour la sant\u00e9 g\u00e9n\u00e9rale et la microcirculation oculaire.<\/li>\n<li><strong>Suivi m\u00e9dical r\u00e9gulier<\/strong> : \u00e0 partir de 50 ans, en particulier si des ant\u00e9c\u00e9dents familiaux existent.<\/li>\n<\/ul>\n<p>Pr\u00e9venir la DMLA, c\u2019est avant tout adopter une hygi\u00e8ne de vie visuelle et consulter \u00e0 temps. Archimbaud Opticien rappelle que la pr\u00e9vention est un investissement pour la vision de demain.[\/vc_column_text][divider line_type=\u00a0\u00bbNo Line\u00a0\u00bb custom_height=\u00a0\u00bb50px\u00a0\u00bb][split_line_heading animation_type=\u00a0\u00bbline-reveal-by-space\u00a0\u00bb font_style=\u00a0\u00bbh3&Prime; text_color=\u00a0\u00bb#333333&Prime; line_reveal_by_space_text_effect=\u00a0\u00bbletter-reveal-bottom\u00a0\u00bb content_alignment=\u00a0\u00bbdefault\u00a0\u00bb mobile_content_alignment=\u00a0\u00bbinherit\u00a0\u00bb link_target=\u00a0\u00bb_self\u00a0\u00bb text_content=\u00a0\u00bbConclusion\u00a0\u00bb text_direction=\u00a0\u00bbdefault\u00a0\u00bb][\/split_line_heading][divider line_type=\u00a0\u00bbFull Width Line\u00a0\u00bb line_thickness=\u00a0\u00bb1&Prime; divider_color=\u00a0\u00bbaccent-color\u00a0\u00bb][divider line_type=\u00a0\u00bbNo Line\u00a0\u00bb custom_height=\u00a0\u00bb15px\u00a0\u00bb][vc_column_text css=\u00a0\u00bb\u00a0\u00bb text_direction=\u00a0\u00bbdefault\u00a0\u00bb]La <strong>DMLA<\/strong> n\u2019est pas une fatalit\u00e9, mais une maladie qu\u2019il faut apprendre \u00e0 conna\u00eetre, d\u00e9tecter et accompagner. Si elle repr\u00e9sente un d\u00e9fi de sant\u00e9 publique, des solutions existent pour ralentir son \u00e9volution et conserver une autonomie satisfaisante. En associant suivi m\u00e9dical, bonnes habitudes de vie et dispositifs optiques adapt\u00e9s, chaque patient peut esp\u00e9rer pr\u00e9server sa qualit\u00e9 de vie.<\/p>\n<p>\u00c0 Marseille comme \u00e0 Salon-de-Provence, <strong>Archimbaud Opticien<\/strong> s\u2019engage aux c\u00f4t\u00e9s de ses clients pour les informer, les conseiller et leur proposer des solutions personnalis\u00e9es face aux enjeux de la sant\u00e9 visuelle li\u00e9s \u00e0 la DMLA.[\/vc_column_text][\/vc_column][\/vc_row]\n","protected":false},"excerpt":{"rendered":"<p>Premi\u00e8re cause de perte visuelle apr\u00e8s 60 ans, la DMLA affecte la vision centrale et fragilise l\u2019autonomie au quotidien. Sympt\u00f4mes, facteurs de risque, pr\u00e9vention et accompagnement : Archimbaud Opticien vous aide \u00e0 mieux comprendre cette maladie et \u00e0 pr\u00e9server votre confort visuel.<\/p>\n","protected":false},"author":3,"featured_media":508,"comment_status":"closed","ping_status":"closed","sticky":false,"template":"","format":"standard","meta":{"footnotes":""},"categories":[6],"tags":[21,22,18],"class_list":{"0":"post-507","1":"post","2":"type-post","3":"status-publish","4":"format-standard","5":"has-post-thumbnail","7":"category-sante-visuelle","8":"tag-dmla","9":"tag-pathologies","10":"tag-sante-visuelle"},"yoast_head":"<!-- This site is optimized with the Yoast SEO plugin v27.0 - https:\/\/yoast.com\/product\/yoast-seo-wordpress\/ -->\n<title>Tout savoir sur la DMLA | Archimbaud Opticien Blog<\/title>\n<meta name=\"description\" content=\"DMLA : comprendre la d\u00e9g\u00e9n\u00e9rescence maculaire li\u00e9e \u00e0 l\u2019\u00e2ge, ses risques et les moyens de pr\u00e9vention. Conseils et solutions optiques avec Archimbaud Opticien.\" \/>\n<meta name=\"robots\" content=\"index, follow, max-snippet:-1, max-image-preview:large, max-video-preview:-1\" \/>\n<link rel=\"canonical\" href=\"https:\/\/www.archimbaudopticien.com\/blog\/sante-visuelle\/tout-savoir-sur-la-dmla\" \/>\n<meta property=\"og:locale\" content=\"fr_FR\" \/>\n<meta property=\"og:type\" content=\"article\" \/>\n<meta property=\"og:title\" content=\"Tout savoir sur la DMLA | Archimbaud Opticien Blog\" \/>\n<meta property=\"og:description\" content=\"DMLA : comprendre la d\u00e9g\u00e9n\u00e9rescence maculaire li\u00e9e \u00e0 l\u2019\u00e2ge, ses risques et les moyens de pr\u00e9vention. Conseils et solutions optiques avec Archimbaud Opticien.\" \/>\n<meta property=\"og:url\" content=\"https:\/\/www.archimbaudopticien.com\/blog\/sante-visuelle\/tout-savoir-sur-la-dmla\" \/>\n<meta property=\"og:site_name\" content=\"Archimbaud Opticien Blog\" \/>\n<meta property=\"article:publisher\" content=\"https:\/\/www.facebook.com\/archimbaudopticien\" \/>\n<meta property=\"article:published_time\" content=\"2025-09-16T14:11:30+00:00\" \/>\n<meta property=\"article:modified_time\" content=\"2025-11-14T10:27:43+00:00\" \/>\n<meta property=\"og:image\" content=\"https:\/\/www.archimbaudopticien.com\/blog\/wp-content\/uploads\/2025\/09\/tout-savoir-sur-la-dmla-archimbaud-opticien.jpg\" \/>\n\t<meta property=\"og:image:width\" content=\"1800\" \/>\n\t<meta property=\"og:image:height\" content=\"1018\" \/>\n\t<meta property=\"og:image:type\" content=\"image\/jpeg\" \/>\n<meta name=\"author\" content=\"Dominique\" \/>\n<meta name=\"twitter:card\" content=\"summary_large_image\" \/>\n<meta name=\"twitter:label1\" content=\"\u00c9crit par\" \/>\n\t<meta name=\"twitter:data1\" content=\"Dominique\" \/>\n\t<meta name=\"twitter:label2\" content=\"Dur\u00e9e de lecture estim\u00e9e\" \/>\n\t<meta name=\"twitter:data2\" content=\"6 minutes\" \/>\n<script type=\"application\/ld+json\" class=\"yoast-schema-graph\">{\"@context\":\"https:\/\/schema.org\",\"@graph\":[{\"@type\":\"Article\",\"@id\":\"https:\/\/www.archimbaudopticien.com\/blog\/sante-visuelle\/tout-savoir-sur-la-dmla#article\",\"isPartOf\":{\"@id\":\"https:\/\/www.archimbaudopticien.com\/blog\/sante-visuelle\/tout-savoir-sur-la-dmla\"},\"author\":{\"name\":\"Dominique\",\"@id\":\"https:\/\/www.archimbaudopticien.com\/blog\/#\/schema\/person\/99b42cc6c97675964638728229b4a8d0\"},\"headline\":\"Tout savoir sur la DMLA\",\"datePublished\":\"2025-09-16T14:11:30+00:00\",\"dateModified\":\"2025-11-14T10:27:43+00:00\",\"mainEntityOfPage\":{\"@id\":\"https:\/\/www.archimbaudopticien.com\/blog\/sante-visuelle\/tout-savoir-sur-la-dmla\"},\"wordCount\":2194,\"publisher\":{\"@id\":\"https:\/\/www.archimbaudopticien.com\/blog\/#organization\"},\"image\":{\"@id\":\"https:\/\/www.archimbaudopticien.com\/blog\/sante-visuelle\/tout-savoir-sur-la-dmla#primaryimage\"},\"thumbnailUrl\":\"https:\/\/www.archimbaudopticien.com\/blog\/wp-content\/uploads\/2025\/09\/tout-savoir-sur-la-dmla-archimbaud-opticien.jpg\",\"keywords\":[\"DMLA\",\"Pathologies\",\"Sant\u00e9 Visuelle\"],\"articleSection\":[\"Sant\u00e9 Visuelle\"],\"inLanguage\":\"fr-FR\"},{\"@type\":\"WebPage\",\"@id\":\"https:\/\/www.archimbaudopticien.com\/blog\/sante-visuelle\/tout-savoir-sur-la-dmla\",\"url\":\"https:\/\/www.archimbaudopticien.com\/blog\/sante-visuelle\/tout-savoir-sur-la-dmla\",\"name\":\"Tout savoir sur la DMLA | Archimbaud Opticien Blog\",\"isPartOf\":{\"@id\":\"https:\/\/www.archimbaudopticien.com\/blog\/#website\"},\"primaryImageOfPage\":{\"@id\":\"https:\/\/www.archimbaudopticien.com\/blog\/sante-visuelle\/tout-savoir-sur-la-dmla#primaryimage\"},\"image\":{\"@id\":\"https:\/\/www.archimbaudopticien.com\/blog\/sante-visuelle\/tout-savoir-sur-la-dmla#primaryimage\"},\"thumbnailUrl\":\"https:\/\/www.archimbaudopticien.com\/blog\/wp-content\/uploads\/2025\/09\/tout-savoir-sur-la-dmla-archimbaud-opticien.jpg\",\"datePublished\":\"2025-09-16T14:11:30+00:00\",\"dateModified\":\"2025-11-14T10:27:43+00:00\",\"description\":\"DMLA : comprendre la d\u00e9g\u00e9n\u00e9rescence maculaire li\u00e9e \u00e0 l\u2019\u00e2ge, ses risques et les moyens de pr\u00e9vention. Conseils et solutions optiques avec Archimbaud Opticien.\",\"breadcrumb\":{\"@id\":\"https:\/\/www.archimbaudopticien.com\/blog\/sante-visuelle\/tout-savoir-sur-la-dmla#breadcrumb\"},\"inLanguage\":\"fr-FR\",\"potentialAction\":[{\"@type\":\"ReadAction\",\"target\":[\"https:\/\/www.archimbaudopticien.com\/blog\/sante-visuelle\/tout-savoir-sur-la-dmla\"]}]},{\"@type\":\"ImageObject\",\"inLanguage\":\"fr-FR\",\"@id\":\"https:\/\/www.archimbaudopticien.com\/blog\/sante-visuelle\/tout-savoir-sur-la-dmla#primaryimage\",\"url\":\"https:\/\/www.archimbaudopticien.com\/blog\/wp-content\/uploads\/2025\/09\/tout-savoir-sur-la-dmla-archimbaud-opticien.jpg\",\"contentUrl\":\"https:\/\/www.archimbaudopticien.com\/blog\/wp-content\/uploads\/2025\/09\/tout-savoir-sur-la-dmla-archimbaud-opticien.jpg\",\"width\":1800,\"height\":1018},{\"@type\":\"BreadcrumbList\",\"@id\":\"https:\/\/www.archimbaudopticien.com\/blog\/sante-visuelle\/tout-savoir-sur-la-dmla#breadcrumb\",\"itemListElement\":[{\"@type\":\"ListItem\",\"position\":1,\"name\":\"Accueil\",\"item\":\"https:\/\/www.archimbaudopticien.com\/blog\/\"},{\"@type\":\"ListItem\",\"position\":2,\"name\":\"Tout savoir sur la DMLA\"}]},{\"@type\":\"WebSite\",\"@id\":\"https:\/\/www.archimbaudopticien.com\/blog\/#website\",\"url\":\"https:\/\/www.archimbaudopticien.com\/blog\/\",\"name\":\"Archimbaud Opticien\",\"description\":\"\",\"publisher\":{\"@id\":\"https:\/\/www.archimbaudopticien.com\/blog\/#organization\"},\"potentialAction\":[{\"@type\":\"SearchAction\",\"target\":{\"@type\":\"EntryPoint\",\"urlTemplate\":\"https:\/\/www.archimbaudopticien.com\/blog\/?s={search_term_string}\"},\"query-input\":{\"@type\":\"PropertyValueSpecification\",\"valueRequired\":true,\"valueName\":\"search_term_string\"}}],\"inLanguage\":\"fr-FR\"},{\"@type\":\"Organization\",\"@id\":\"https:\/\/www.archimbaudopticien.com\/blog\/#organization\",\"name\":\"Blog d'Archimbaud Opticien\",\"url\":\"https:\/\/www.archimbaudopticien.com\/blog\/\",\"logo\":{\"@type\":\"ImageObject\",\"inLanguage\":\"fr-FR\",\"@id\":\"https:\/\/www.archimbaudopticien.com\/blog\/#\/schema\/logo\/image\/\",\"url\":\"https:\/\/www.archimbaudopticien.com\/blog\/wp-content\/uploads\/2025\/09\/Logo-Noir-transparent-scaled.png\",\"contentUrl\":\"https:\/\/www.archimbaudopticien.com\/blog\/wp-content\/uploads\/2025\/09\/Logo-Noir-transparent-scaled.png\",\"width\":2560,\"height\":1979,\"caption\":\"Blog d'Archimbaud Opticien\"},\"image\":{\"@id\":\"https:\/\/www.archimbaudopticien.com\/blog\/#\/schema\/logo\/image\/\"},\"sameAs\":[\"https:\/\/www.facebook.com\/archimbaudopticien\",\"https:\/\/www.instagram.com\/archimbaudopticien\/\"]},{\"@type\":\"Person\",\"@id\":\"https:\/\/www.archimbaudopticien.com\/blog\/#\/schema\/person\/99b42cc6c97675964638728229b4a8d0\",\"name\":\"Dominique\",\"image\":{\"@type\":\"ImageObject\",\"inLanguage\":\"fr-FR\",\"@id\":\"https:\/\/www.archimbaudopticien.com\/blog\/#\/schema\/person\/image\/\",\"url\":\"https:\/\/secure.gravatar.com\/avatar\/7a9fdaa140318010833413ca2caac72e865e73327cd70955c97de10ce0a27972?s=96&d=mm&r=g\",\"contentUrl\":\"https:\/\/secure.gravatar.com\/avatar\/7a9fdaa140318010833413ca2caac72e865e73327cd70955c97de10ce0a27972?s=96&d=mm&r=g\",\"caption\":\"Dominique\"},\"url\":\"https:\/\/www.archimbaudopticien.com\/blog\/author\/communilink\"}]}<\/script>\n<!-- \/ Yoast SEO plugin. -->","yoast_head_json":{"title":"Tout savoir sur la DMLA | Archimbaud Opticien Blog","description":"DMLA : comprendre la d\u00e9g\u00e9n\u00e9rescence maculaire li\u00e9e \u00e0 l\u2019\u00e2ge, ses risques et les moyens de pr\u00e9vention. Conseils et solutions optiques avec Archimbaud Opticien.","robots":{"index":"index","follow":"follow","max-snippet":"max-snippet:-1","max-image-preview":"max-image-preview:large","max-video-preview":"max-video-preview:-1"},"canonical":"https:\/\/www.archimbaudopticien.com\/blog\/sante-visuelle\/tout-savoir-sur-la-dmla","og_locale":"fr_FR","og_type":"article","og_title":"Tout savoir sur la DMLA | Archimbaud Opticien Blog","og_description":"DMLA : comprendre la d\u00e9g\u00e9n\u00e9rescence maculaire li\u00e9e \u00e0 l\u2019\u00e2ge, ses risques et les moyens de pr\u00e9vention. Conseils et solutions optiques avec Archimbaud Opticien.","og_url":"https:\/\/www.archimbaudopticien.com\/blog\/sante-visuelle\/tout-savoir-sur-la-dmla","og_site_name":"Archimbaud Opticien Blog","article_publisher":"https:\/\/www.facebook.com\/archimbaudopticien","article_published_time":"2025-09-16T14:11:30+00:00","article_modified_time":"2025-11-14T10:27:43+00:00","og_image":[{"width":1800,"height":1018,"url":"https:\/\/www.archimbaudopticien.com\/blog\/wp-content\/uploads\/2025\/09\/tout-savoir-sur-la-dmla-archimbaud-opticien.jpg","type":"image\/jpeg"}],"author":"Dominique","twitter_card":"summary_large_image","twitter_misc":{"\u00c9crit par":"Dominique","Dur\u00e9e de lecture estim\u00e9e":"6 minutes"},"schema":{"@context":"https:\/\/schema.org","@graph":[{"@type":"Article","@id":"https:\/\/www.archimbaudopticien.com\/blog\/sante-visuelle\/tout-savoir-sur-la-dmla#article","isPartOf":{"@id":"https:\/\/www.archimbaudopticien.com\/blog\/sante-visuelle\/tout-savoir-sur-la-dmla"},"author":{"name":"Dominique","@id":"https:\/\/www.archimbaudopticien.com\/blog\/#\/schema\/person\/99b42cc6c97675964638728229b4a8d0"},"headline":"Tout savoir sur la DMLA","datePublished":"2025-09-16T14:11:30+00:00","dateModified":"2025-11-14T10:27:43+00:00","mainEntityOfPage":{"@id":"https:\/\/www.archimbaudopticien.com\/blog\/sante-visuelle\/tout-savoir-sur-la-dmla"},"wordCount":2194,"publisher":{"@id":"https:\/\/www.archimbaudopticien.com\/blog\/#organization"},"image":{"@id":"https:\/\/www.archimbaudopticien.com\/blog\/sante-visuelle\/tout-savoir-sur-la-dmla#primaryimage"},"thumbnailUrl":"https:\/\/www.archimbaudopticien.com\/blog\/wp-content\/uploads\/2025\/09\/tout-savoir-sur-la-dmla-archimbaud-opticien.jpg","keywords":["DMLA","Pathologies","Sant\u00e9 Visuelle"],"articleSection":["Sant\u00e9 Visuelle"],"inLanguage":"fr-FR"},{"@type":"WebPage","@id":"https:\/\/www.archimbaudopticien.com\/blog\/sante-visuelle\/tout-savoir-sur-la-dmla","url":"https:\/\/www.archimbaudopticien.com\/blog\/sante-visuelle\/tout-savoir-sur-la-dmla","name":"Tout savoir sur la DMLA | Archimbaud Opticien Blog","isPartOf":{"@id":"https:\/\/www.archimbaudopticien.com\/blog\/#website"},"primaryImageOfPage":{"@id":"https:\/\/www.archimbaudopticien.com\/blog\/sante-visuelle\/tout-savoir-sur-la-dmla#primaryimage"},"image":{"@id":"https:\/\/www.archimbaudopticien.com\/blog\/sante-visuelle\/tout-savoir-sur-la-dmla#primaryimage"},"thumbnailUrl":"https:\/\/www.archimbaudopticien.com\/blog\/wp-content\/uploads\/2025\/09\/tout-savoir-sur-la-dmla-archimbaud-opticien.jpg","datePublished":"2025-09-16T14:11:30+00:00","dateModified":"2025-11-14T10:27:43+00:00","description":"DMLA : comprendre la d\u00e9g\u00e9n\u00e9rescence maculaire li\u00e9e \u00e0 l\u2019\u00e2ge, ses risques et les moyens de pr\u00e9vention. Conseils et solutions optiques avec Archimbaud Opticien.","breadcrumb":{"@id":"https:\/\/www.archimbaudopticien.com\/blog\/sante-visuelle\/tout-savoir-sur-la-dmla#breadcrumb"},"inLanguage":"fr-FR","potentialAction":[{"@type":"ReadAction","target":["https:\/\/www.archimbaudopticien.com\/blog\/sante-visuelle\/tout-savoir-sur-la-dmla"]}]},{"@type":"ImageObject","inLanguage":"fr-FR","@id":"https:\/\/www.archimbaudopticien.com\/blog\/sante-visuelle\/tout-savoir-sur-la-dmla#primaryimage","url":"https:\/\/www.archimbaudopticien.com\/blog\/wp-content\/uploads\/2025\/09\/tout-savoir-sur-la-dmla-archimbaud-opticien.jpg","contentUrl":"https:\/\/www.archimbaudopticien.com\/blog\/wp-content\/uploads\/2025\/09\/tout-savoir-sur-la-dmla-archimbaud-opticien.jpg","width":1800,"height":1018},{"@type":"BreadcrumbList","@id":"https:\/\/www.archimbaudopticien.com\/blog\/sante-visuelle\/tout-savoir-sur-la-dmla#breadcrumb","itemListElement":[{"@type":"ListItem","position":1,"name":"Accueil","item":"https:\/\/www.archimbaudopticien.com\/blog\/"},{"@type":"ListItem","position":2,"name":"Tout savoir sur la DMLA"}]},{"@type":"WebSite","@id":"https:\/\/www.archimbaudopticien.com\/blog\/#website","url":"https:\/\/www.archimbaudopticien.com\/blog\/","name":"Archimbaud Opticien","description":"","publisher":{"@id":"https:\/\/www.archimbaudopticien.com\/blog\/#organization"},"potentialAction":[{"@type":"SearchAction","target":{"@type":"EntryPoint","urlTemplate":"https:\/\/www.archimbaudopticien.com\/blog\/?s={search_term_string}"},"query-input":{"@type":"PropertyValueSpecification","valueRequired":true,"valueName":"search_term_string"}}],"inLanguage":"fr-FR"},{"@type":"Organization","@id":"https:\/\/www.archimbaudopticien.com\/blog\/#organization","name":"Blog d'Archimbaud Opticien","url":"https:\/\/www.archimbaudopticien.com\/blog\/","logo":{"@type":"ImageObject","inLanguage":"fr-FR","@id":"https:\/\/www.archimbaudopticien.com\/blog\/#\/schema\/logo\/image\/","url":"https:\/\/www.archimbaudopticien.com\/blog\/wp-content\/uploads\/2025\/09\/Logo-Noir-transparent-scaled.png","contentUrl":"https:\/\/www.archimbaudopticien.com\/blog\/wp-content\/uploads\/2025\/09\/Logo-Noir-transparent-scaled.png","width":2560,"height":1979,"caption":"Blog d'Archimbaud Opticien"},"image":{"@id":"https:\/\/www.archimbaudopticien.com\/blog\/#\/schema\/logo\/image\/"},"sameAs":["https:\/\/www.facebook.com\/archimbaudopticien","https:\/\/www.instagram.com\/archimbaudopticien\/"]},{"@type":"Person","@id":"https:\/\/www.archimbaudopticien.com\/blog\/#\/schema\/person\/99b42cc6c97675964638728229b4a8d0","name":"Dominique","image":{"@type":"ImageObject","inLanguage":"fr-FR","@id":"https:\/\/www.archimbaudopticien.com\/blog\/#\/schema\/person\/image\/","url":"https:\/\/secure.gravatar.com\/avatar\/7a9fdaa140318010833413ca2caac72e865e73327cd70955c97de10ce0a27972?s=96&d=mm&r=g","contentUrl":"https:\/\/secure.gravatar.com\/avatar\/7a9fdaa140318010833413ca2caac72e865e73327cd70955c97de10ce0a27972?s=96&d=mm&r=g","caption":"Dominique"},"url":"https:\/\/www.archimbaudopticien.com\/blog\/author\/communilink"}]}},"_links":{"self":[{"href":"https:\/\/www.archimbaudopticien.com\/blog\/wp-json\/wp\/v2\/posts\/507","targetHints":{"allow":["GET"]}}],"collection":[{"href":"https:\/\/www.archimbaudopticien.com\/blog\/wp-json\/wp\/v2\/posts"}],"about":[{"href":"https:\/\/www.archimbaudopticien.com\/blog\/wp-json\/wp\/v2\/types\/post"}],"author":[{"embeddable":true,"href":"https:\/\/www.archimbaudopticien.com\/blog\/wp-json\/wp\/v2\/users\/3"}],"replies":[{"embeddable":true,"href":"https:\/\/www.archimbaudopticien.com\/blog\/wp-json\/wp\/v2\/comments?post=507"}],"version-history":[{"count":8,"href":"https:\/\/www.archimbaudopticien.com\/blog\/wp-json\/wp\/v2\/posts\/507\/revisions"}],"predecessor-version":[{"id":1228,"href":"https:\/\/www.archimbaudopticien.com\/blog\/wp-json\/wp\/v2\/posts\/507\/revisions\/1228"}],"wp:featuredmedia":[{"embeddable":true,"href":"https:\/\/www.archimbaudopticien.com\/blog\/wp-json\/wp\/v2\/media\/508"}],"wp:attachment":[{"href":"https:\/\/www.archimbaudopticien.com\/blog\/wp-json\/wp\/v2\/media?parent=507"}],"wp:term":[{"taxonomy":"category","embeddable":true,"href":"https:\/\/www.archimbaudopticien.com\/blog\/wp-json\/wp\/v2\/categories?post=507"},{"taxonomy":"post_tag","embeddable":true,"href":"https:\/\/www.archimbaudopticien.com\/blog\/wp-json\/wp\/v2\/tags?post=507"}],"curies":[{"name":"wp","href":"https:\/\/api.w.org\/{rel}","templated":true}]}}